{"id":576,"date":"2011-08-09T12:41:00","date_gmt":"2011-08-09T11:41:00","guid":{"rendered":"http:\/\/blog-conny-dethloff.de\/?p=576"},"modified":"2012-11-28T07:24:29","modified_gmt":"2012-11-28T06:24:29","slug":"das-muster-der-gesellschaftskrisen","status":"publish","type":"post","link":"https:\/\/blog-conny-dethloff.de\/?p=576","title":{"rendered":"Das Muster der Gesellschaftskrisen"},"content":{"rendered":"<p>Horrormeldungen durchziehen derzeit unsere Medienlandschaft. Es vergeht kaum ein Tag, an dem wir nicht \u00e4hnliche Nachrichten, wie die auf dem unteren Bild, lesen. <\/p>\n<p><a href=\"http:\/\/blog-conny-dethloff.de\/wp-content\/uploads\/2011\/08\/news.png\"><img loading=\"lazy\" decoding=\"async\" src=\"http:\/\/blog-conny-dethloff.de\/wp-content\/uploads\/2011\/08\/news.png\" alt=\"\" title=\"news\" width=\"250\" height=\"150\" class=\"alignleft size-full wp-image-577\" \/><\/a><\/p>\n<p>Diese Nachrichten habe ich am 9. August um 9:08 auf der Seite <a href=\"http:\/\/www.news.de\">http:\/\/www.news.de<\/a> gefunden. Die Hilflosigkeit, der sich Politik und Wirtschaft diesen Ereignissen gegen\u00fcber ausgeliefert sieht, ist f\u00fcr mich noch fataler als die Nachrichten an sich. An dieser Stelle habe ich zwei Fragen.<\/p>\n<ul>\n<li>Ist die Krise, in der wir uns befinden, einmalig in der menschlichen Geschichte?<\/li>\n<li>Wenn nein, warum lernen wir nicht aus den Krisen, die in der Vergangenheit stattgefunden haben?<\/li>\n<\/ul>\n<p>Beginnen wir mit der ersten Frage. Die M\u00f6glichkeit, diese Frage zu beantworten, basiert auf einen f\u00fcr mich faszinierenden Umstand, n\u00e4mlich den des <a href=\"http:\/\/blog-conny-dethloff.de\/?p=571&#038;cpage=1#comment-78\">Kommentars<\/a> von <strong><em>Stefan Wehmeier<\/em><\/strong> bzgl. meines letzten Posts <a href=\"http:\/\/blog-conny-dethloff.de\/?p=571\">Sollten Manager schizophren sein<\/a>. Durch diesen wurde ich auf seine Seite <a href=\"http:\/\/www.deweles.de\">Der Weisheit letzter Schluss<\/a> und damit auf das Buch des Professors f\u00fcr politische \u00d6konomie <strong><em>Gustav Ruhland<\/em><\/strong> aufmerksam. <\/p>\n<p>Ruhland wurde im Jahr 1887 vom damaligen Reichskanzler Bismarck engagiert, Erkl\u00e4rungen f\u00fcr die Niederg\u00e4nge aller bisherigen Hochkulturen und Weltreiche der menschlichen Geschichte aufzustellen. Als Ruhland im Jahr 1890 von seinen diesbez\u00fcglichen Reisen zur\u00fcckkehrte, war Bismarck nicht mehr im Amt. Ich bin mir nicht sicher, ob das der Grund war, warum seine Erkenntnisse keine Resonanz fanden. Ich finde seine Entdeckungen bemerkenswert, da sie ein Muster aufdecken, dem menschliche Kulturen und Gesellschaften erlegen sind und die letztendlich dazu f\u00fchren das sie untergehen. Auf der bereits angesprochenen Seite von Stefan Wehmeier habe ich das Dokument <a href=\"http:\/\/www.deweles.de\/files\/untergang.pdf\">Der Untergang der R\u00f6mer<\/a> gefunden, in welchem dieses Muster verdeutlicht wird.<\/p>\n<p><a href=\"http:\/\/blog-conny-dethloff.de\/wp-content\/uploads\/2011\/08\/Muster-Krise.png\"><img loading=\"lazy\" decoding=\"async\" src=\"http:\/\/blog-conny-dethloff.de\/wp-content\/uploads\/2011\/08\/Muster-Krise.png\" alt=\"\" title=\"Muster Krise\" width=\"800\" height=\"450\" class=\"alignnone size-full wp-image-578\" \/><\/a><\/p>\n<p>Haben Sie nicht auch das Gef\u00fchl, dass wir uns bereits mitten in der Phase 5, sprich in den Unruhen befinden. Game-, Casting-, Reality- und weitere unsinnige Shows, die in den letzten Jahren die Medienlandschaft fluteten und Ausdruck der Phase 4 (Dekadenz &#8211; Brot und Spiele) sind, k\u00f6nnen die Menschenmassen mittlerweile nicht mehr bes\u00e4nftigen. Die Armen werden immer \u00e4rmer und von der Anzahl immer gr\u00f6\u00dfer. Die Reichen werden immer reicher. Die Mittelschicht wird bzgl. der Anzahl der Menschen her immer kleiner, die Schere zwischen arm und reich immer gr\u00f6\u00dfer. In Somalia verhungern Kinder und <a href=\"http:\/\/www.spiegel.de\/wirtschaft\/0,1518,462551,00.html\">Roman Abramovitsch kauft sich eine Yacht f\u00fcr 200 Mio. Dollar<\/a>. Die Menschen lassen sich diese Ausbeutung und Ungerechtigkeit nicht ewig gefallen und rebellieren. Beispiele daf\u00fcr gibt es in der j\u00fcngsten Vergangenheit genug: Griechenland, Spanien, Nordafrika, London. Von der letzten Phase, dem Zusammenbruch, sind wir noch ein St\u00fcck entfernt. Wie weit? Keine Ahnung. Deshalb ist es aus meiner Sicht jetzt um so wichtiger den Erkenntnissen eines beispielsweise Gustav Ruhland den geb\u00fchrenden Platz in den Schulen und Universit\u00e4ten einzur\u00e4umen und dieses Wissen endlich einmal zu nutzen. <\/p>\n<p>Sch\u00f6n, dass es noch Seiten wie <a href=\"http:\/\/www.vergessene-buecher.de\/\">Vergessene B\u00fccher<\/a> gibt, die dem Wirken und Schaffen von Prof. Gustav Ruhland gewidmet ist. Auf dieser k\u00f6nnen Sie auch sein Hauptwerk &#8220;System der politischen \u00d6konomie&#8221; herunterladen, welches er in den Jahren 1903 bis 1908 verfasst hat. Sehr interessant und vor allem so unglaublich aktuell. Ich bin zur Zeit dabei, dieses zu studieren. Ich glaube an die Erkenntnisse von Ruhland, da ich das von ihm aufgestellte Muster sehr gut an unserer derzeitigen Krise erkennen kann.      <\/p>\n<p>Kommen wir zur Frage 2. Der Grund f\u00fcr das Missachten dieser Muster und wohl auch f\u00fcr die Arbeiten und Erkenntnisse von Ruhland liegen meines Erachten darin, dass die Wurzel des Problems der Zins ist. Geld und Zins sind so tief in unser Leben, unsere Gesellschaft und unsere Kultur integriert, dass wir uns quasi selbst negieren m\u00fcssen, um diesen Fakt zu hinterfragen. Unser Leben, unser Wirken und alles was wir geschaffen haben ist auf Geld und Zins aufgebaut. Geld ist das Blut der Wirtschaft. Da ist es nat\u00fcrlich nicht einfach Geld und Zins in Frage zu stellen, aber unbedingt notwendig.  <\/p>\n<p><a href=\"http:\/\/blog-conny-dethloff.de\/wp-content\/uploads\/2011\/08\/Real-Finanzwirtschaft.png\"><img loading=\"lazy\" decoding=\"async\" src=\"http:\/\/blog-conny-dethloff.de\/wp-content\/uploads\/2011\/08\/Real-Finanzwirtschaft.png\" alt=\"\" title=\"Real-Finanzwirtschaft\" width=\"300\" height=\"150\" class=\"alignleft size-full wp-image-579\" \/><\/a><\/p>\n<p>Was bleibt? Immer wieder das eigentliche Problem ansprechen, auch wenn es zur Zeit noch sehr Wenige h\u00f6ren wollen. <strong>Der Zins ist die Wurzel des Problems.<\/strong> Wenn Sie das n\u00e4chste mal in den Medien, in irgend welchen Talkshows oder wo auch immer eine Debatte h\u00f6ren, in welchen Fragen er\u00f6rtert und diskutiert werden, wann die Realwirtschaft doch endlich wieder anzieht und welche Ma\u00dfnahmen ergriffen werden m\u00fcssen, damit der volkswirtschaftliche Kreislauf angekurbelt wird, haben Sie das oben stehende Bild bitte im Kopf. Dann kennen Sie n\u00e4mlich die Antwort: <strong>Solange es den Zins gibt, Niemals<\/strong>. Die Finanzwirtschaft w\u00e4chst durch den Zins stets exponentiell. Dem hat die Realwirtschaft nichts entgegenzusetzen. Sie kann \u00fcber einen langen Zeitraum bestenfalls linear wachsen.<\/p>\n<span id=\"post-ratings-576\" class=\"post-ratings\" data-nonce=\"76cd413d2c\"><img decoding=\"async\" id=\"rating_576_1\" src=\"https:\/\/blog-conny-dethloff.de\/wp-content\/plugins\/wp-postratings\/images\/stars\/rating_on.gif\" alt=\"1 Star\" title=\"1 Star\" onmouseover=\"current_rating(576, 1, '1 Star');\" onmouseout=\"ratings_off(5, 0, 0);\" onclick=\"rate_post();\" onkeypress=\"rate_post();\" style=\"cursor: pointer; border: 0px;\" \/><img decoding=\"async\" id=\"rating_576_2\" src=\"https:\/\/blog-conny-dethloff.de\/wp-content\/plugins\/wp-postratings\/images\/stars\/rating_on.gif\" alt=\"2 Stars\" title=\"2 Stars\" onmouseover=\"current_rating(576, 2, '2 Stars');\" onmouseout=\"ratings_off(5, 0, 0);\" onclick=\"rate_post();\" onkeypress=\"rate_post();\" style=\"cursor: pointer; border: 0px;\" \/><img decoding=\"async\" id=\"rating_576_3\" src=\"https:\/\/blog-conny-dethloff.de\/wp-content\/plugins\/wp-postratings\/images\/stars\/rating_on.gif\" alt=\"3 Stars\" title=\"3 Stars\" onmouseover=\"current_rating(576, 3, '3 Stars');\" onmouseout=\"ratings_off(5, 0, 0);\" onclick=\"rate_post();\" onkeypress=\"rate_post();\" style=\"cursor: pointer; border: 0px;\" \/><img decoding=\"async\" id=\"rating_576_4\" src=\"https:\/\/blog-conny-dethloff.de\/wp-content\/plugins\/wp-postratings\/images\/stars\/rating_on.gif\" alt=\"4 Stars\" title=\"4 Stars\" onmouseover=\"current_rating(576, 4, '4 Stars');\" onmouseout=\"ratings_off(5, 0, 0);\" onclick=\"rate_post();\" onkeypress=\"rate_post();\" style=\"cursor: pointer; border: 0px;\" \/><img decoding=\"async\" id=\"rating_576_5\" src=\"https:\/\/blog-conny-dethloff.de\/wp-content\/plugins\/wp-postratings\/images\/stars\/rating_on.gif\" alt=\"5 Stars\" title=\"5 Stars\" onmouseover=\"current_rating(576, 5, '5 Stars');\" onmouseout=\"ratings_off(5, 0, 0);\" onclick=\"rate_post();\" onkeypress=\"rate_post();\" style=\"cursor: pointer; border: 0px;\" \/> (<strong>5<\/strong> Bewertung(en), Durchschnitt: <strong>5.00<\/strong> von 5)<br \/><span class=\"post-ratings-text\" id=\"ratings_576_text\"><\/span><\/span><span id=\"post-ratings-576-loading\" class=\"post-ratings-loading\"><img loading=\"lazy\" decoding=\"async\" src=\"https:\/\/blog-conny-dethloff.de\/wp-content\/plugins\/wp-postratings\/images\/loading.gif\" width=\"16\" height=\"16\" class=\"post-ratings-image\" \/>Loading...<\/span>\n","protected":false},"excerpt":{"rendered":"<p>Horrormeldungen durchziehen derzeit unsere Medienlandschaft. Es vergeht kaum ein Tag, an dem wir nicht \u00e4hnliche Nachrichten, wie die auf dem unteren Bild, lesen. Diese Nachrichten habe ich am 9. August um 9:08 auf der Seite http:\/\/www.news.de gefunden. Die Hilflosigkeit, der &hellip; <a href=\"https:\/\/blog-conny-dethloff.de\/?p=576\">Continue reading <span class=\"meta-nav\">&rarr;<\/span><\/a><\/p>\n","protected":false},"author":1,"featured_media":0,"comment_status":"open","ping_status":"open","sticky":false,"template":"","format":"standard","meta":{"footnotes":""},"categories":[6],"tags":[50,8,9,7],"class_list":["post-576","post","type-post","status-publish","format-standard","hentry","category-okonomie","tag-geld","tag-krise","tag-okonomie-2","tag-wirtschaft"],"jetpack_featured_media_url":"","_links":{"self":[{"href":"https:\/\/blog-conny-dethloff.de\/index.php?rest_route=\/wp\/v2\/posts\/576","targetHints":{"allow":["GET"]}}],"collection":[{"href":"https:\/\/blog-conny-dethloff.de\/index.php?rest_route=\/wp\/v2\/posts"}],"about":[{"href":"https:\/\/blog-conny-dethloff.de\/index.php?rest_route=\/wp\/v2\/types\/post"}],"author":[{"embeddable":true,"href":"https:\/\/blog-conny-dethloff.de\/index.php?rest_route=\/wp\/v2\/users\/1"}],"replies":[{"embeddable":true,"href":"https:\/\/blog-conny-dethloff.de\/index.php?rest_route=%2Fwp%2Fv2%2Fcomments&post=576"}],"version-history":[{"count":24,"href":"https:\/\/blog-conny-dethloff.de\/index.php?rest_route=\/wp\/v2\/posts\/576\/revisions"}],"predecessor-version":[{"id":601,"href":"https:\/\/blog-conny-dethloff.de\/index.php?rest_route=\/wp\/v2\/posts\/576\/revisions\/601"}],"wp:attachment":[{"href":"https:\/\/blog-conny-dethloff.de\/index.php?rest_route=%2Fwp%2Fv2%2Fmedia&parent=576"}],"wp:term":[{"taxonomy":"category","embeddable":true,"href":"https:\/\/blog-conny-dethloff.de\/index.php?rest_route=%2Fwp%2Fv2%2Fcategories&post=576"},{"taxonomy":"post_tag","embeddable":true,"href":"https:\/\/blog-conny-dethloff.de\/index.php?rest_route=%2Fwp%2Fv2%2Ftags&post=576"}],"curies":[{"name":"wp","href":"https:\/\/api.w.org\/{rel}","templated":true}]}}