{"id":4553,"date":"2019-04-03T06:14:08","date_gmt":"2019-04-03T05:14:08","guid":{"rendered":"http:\/\/blog-conny-dethloff.de\/?p=4553"},"modified":"2019-04-03T06:19:31","modified_gmt":"2019-04-03T05:19:31","slug":"werte-bewahren-uns-nicht-davor-uns-von-uns-selbst-zu-entfremden-ganz-im-gegenteil","status":"publish","type":"post","link":"https:\/\/blog-conny-dethloff.de\/?p=4553","title":{"rendered":"Werte bewahren uns nicht davor, uns von uns selbst zu entfremden, ganz im Gegenteil"},"content":{"rendered":"<p>Die <a href=\"https:\/\/www.neuephil.de\/home.html\">Neue Philanthropische Gesellschaft Hamburg<\/a>, hat gestern zu einem Vortragsabend mit Christoph Quarch geladen. Der Titel des Vortrages war: <a href=\"https:\/\/christophquarch.de\/veranstaltungen\/was-vom-guten-blieb-eine-kritische-wuerdigung-des-konzeptes-wert\/\">\u201eWas vom Guten blieb\u201c Eine kritische W\u00fcrdigung des Konzeptes \u201eWert\u201c<\/a><\/p>\n<p>Ich bin der Einladung gefolgt und war sehr gespannt. Warum? Zum einen ist mir Christoph Quarch vor geraumer Zeit aufgefallen, da er sehr differenziert \u00fcber die Themen Digitalisierung und K\u00fcnstliche Intelligenz referiert und diskutiert. In diesem Kontext verweise ich gerne auf dieses <a href=\"https:\/\/ethik-heute.org\/die-digitalisierung-entfremdet-uns\/\">Interview mit ihm<\/a>. Die Quintessenz daraus, jedenfalls aus meiner Sicht, habe ich in dieser Graphik veranschaulicht.<\/p>\n<p><a href=\"http:\/\/blog-conny-dethloff.de\/wp-content\/uploads\/2019\/04\/Digitalisierung-Entfremdung-der-Menschen-von-sich-selbst.png\"><img loading=\"lazy\" decoding=\"async\" class=\"aligncenter size-full wp-image-4554\" src=\"http:\/\/blog-conny-dethloff.de\/wp-content\/uploads\/2019\/04\/Digitalisierung-Entfremdung-der-Menschen-von-sich-selbst.png\" alt=\"\" width=\"1966\" height=\"1159\" srcset=\"https:\/\/blog-conny-dethloff.de\/wp-content\/uploads\/2019\/04\/Digitalisierung-Entfremdung-der-Menschen-von-sich-selbst.png 1966w, https:\/\/blog-conny-dethloff.de\/wp-content\/uploads\/2019\/04\/Digitalisierung-Entfremdung-der-Menschen-von-sich-selbst-300x177.png 300w, https:\/\/blog-conny-dethloff.de\/wp-content\/uploads\/2019\/04\/Digitalisierung-Entfremdung-der-Menschen-von-sich-selbst-768x453.png 768w, https:\/\/blog-conny-dethloff.de\/wp-content\/uploads\/2019\/04\/Digitalisierung-Entfremdung-der-Menschen-von-sich-selbst-1024x604.png 1024w\" sizes=\"auto, (max-width: 1966px) 100vw, 1966px\" \/><\/a><\/p>\n<p>Zum anderen ging es in dem Vortrag um Werte. Diskussionen rund um Werte erleben ja gerade im Zuge des digitalen Wandels in Unternehmen aber auch in unserer Gesellschaft Hochkonjunktur. Teilweise wird dieser Begriff gar inflation\u00e4r benutzt.<\/p>\n<p>Also versprach ich mir von diesem Abend ebenso viel Differenzierung wie Erkenntnisgewinn. Ich wurde nicht entt\u00e4uscht.<\/p>\n<p>Relativ zu Beginn seines Vortrages stellte Quarch klar, dass es wichtig w\u00e4re, wenn man \u00fcber Werte spricht und diskutiert, zu ergr\u00fcnden, wann dieser Begriff \u00fcberhaupt entstanden ist. Und an dieser Stelle muss man auf die \u00d6konomie verweisen, also auf eine Zeit, als wir Menschen begonnen haben, das Quantifizieren von Dingen im Zuge einer Bewertung zu perfektionieren. Die Begriffe \u201eWert\u201c und \u201ePreis\u201c haben historisch den gleichen Wortstamm. Und das ist in meinen Augen ein wichtiger Fakt, da damit Werte an sich auch nur wieder eine \u201eStruktur im Au\u00dfen\u201c sind, wie beispielsweise Rollen, Benotungen, Prozesse etc., \u00fcber die wir uns definieren und bewerten lassen.<\/p>\n<p>Es geht also auch bei Werten um die Dimensionen \u201eH\u00f6her-Schneller-Weiter\u201c, um beispielsweise Handlungen als gut oder schlecht zu beWERTEN. Werte sind von Menschen gesetzt und verlangen einen rationalen Diskurs, um eine Vergemeinschaftung dieser zu erwirken, um also quasi objektiv zu sein. Nur mit dieser Objektivierung erlangen Werte eine Geltung. Aber wie soll dieser rationale Diskurs bewerkstelligt werden? Ist der Versuch einer Verrationalisierung nicht an sich wieder eine Entfremdung von Subjektivit\u00e4t und damit von Menschlichkeit (siehe obige Graphik)?<\/p>\n<p>Des Weiteren kann man in unserer heutigen Gesellschaft beobachten, dass Werte Instrumente zur Machtdurchsetzung sind. Werte werden durch ihr Gewolltsein \u00fcberhaupt erst zu Werte, also durch Macht und dann werden sie zum Erhalt dieser eingesetzt. Werte sollten flexibel sein, damit Handlungen, die auf sie beruhen, eine notwendige Angepasstheit mitbringen, um auf ge\u00e4nderte Rahmenbedingungen ad\u00e4quat reagieren zu k\u00f6nnen. Allerdings erweist diese Flexibilit\u00e4t den Werten an sich einen B\u00e4rendienst, da diese Freiheit ausgenutzt werden kann und wird, und zwar von den Machthabenden.<\/p>\n<p>Nach dieser Argumentationskette, die ich hier nur kurz anrei\u00dfen kann, stellte Quarch den Wert der Werte grunds\u00e4tzlich in Frage und kam so auf die Tugendlehre von Platon zu sprechen. Er postulierte in diesem Zuge, dass unser oberstes Ziel Harmonie sein sollte. Jede Handlung, die wir Menschen ausf\u00fchren, sollte Harmonie als Gebot haben, eine Harmonie nach innen zu uns selbst gerichtet, und nach au\u00dfen in Richtung unserer Umwelt. Alles sollte sich der Sicherung der Lebensf\u00e4higkeit unterordnen, der Mensch im Einklang mit der Natur.<\/p>\n<p>Platon kannte wie gesagt den Begriff \u201eWert\u201c nicht. Er trat ja erst mit den Anf\u00e4ngen der \u00d6konomisierung unseres Lebens in Erscheinung.<\/p>\n<p>Zum Ende des Vortrages habe ich mich dann an einen Beitrag von mir aus dem Jahre 2013 erinnert, in dem ich die Tugendlehre von Platon auf die Frage angewendet habe, wie eine gute F\u00fchrungskraft sein sollte. Die 4 Tugenden sind in der folgenden Graphik abgetragen und in Beziehung gesetzt.<\/p>\n<p><a href=\"http:\/\/blog-conny-dethloff.de\/wp-content\/uploads\/2019\/04\/Platon_Tugenden.jpg\"><img loading=\"lazy\" decoding=\"async\" class=\"aligncenter size-full wp-image-4555\" src=\"http:\/\/blog-conny-dethloff.de\/wp-content\/uploads\/2019\/04\/Platon_Tugenden.jpg\" alt=\"\" width=\"652\" height=\"349\" srcset=\"https:\/\/blog-conny-dethloff.de\/wp-content\/uploads\/2019\/04\/Platon_Tugenden.jpg 652w, https:\/\/blog-conny-dethloff.de\/wp-content\/uploads\/2019\/04\/Platon_Tugenden-300x161.jpg 300w\" sizes=\"auto, (max-width: 652px) 100vw, 652px\" \/><\/a><\/p>\n<p>Details finden Sie in dem Beitrag <a href=\"https:\/\/blog-conny-dethloff.de\/?p=2661\">Eigenschaften einer guten F\u00fchrungskraft? Frag` doch einfach Platon<\/a>. Sch\u00f6n, wie sich manchmal alles zusammen f\u00fcgt. Harmonie. \ud83d\ude42<\/p>\n<p>Lasst unser Denken und Handeln also eher auf Tugenden als auf Werte ausrichten. Werte dr\u00fccken stets etwas Quantifizierbares aus. Man will ja mittels ihrer beWERTEN. Damit eliminieren wir Subjektivit\u00e4t und damit Menschlichkeit. Tugenden dr\u00fccken etwas Qualitatives aus und erhalten Menschlichkeit.<\/p>\n<p>Spannend war auch, dass ich am Tisch von einem Gast verwundert gefragt wurde, warum ich aus der Wirtschaft kommend, solch einem Vortrag lausche, woraufhin ein anderer Gast meinte, dass er eher verwundert ist, dass nicht viel mehr Menschen aus der Wirtschaft anwesend sind. Oh ja. \ud83d\ude09<\/p>\n<span id=\"post-ratings-4553\" class=\"post-ratings\" data-nonce=\"31c9137620\"><img decoding=\"async\" id=\"rating_4553_1\" src=\"https:\/\/blog-conny-dethloff.de\/wp-content\/plugins\/wp-postratings\/images\/stars\/rating_on.gif\" alt=\"1 Star\" title=\"1 Star\" onmouseover=\"current_rating(4553, 1, '1 Star');\" onmouseout=\"ratings_off(4.8, 5, 0);\" onclick=\"rate_post();\" onkeypress=\"rate_post();\" style=\"cursor: pointer; border: 0px;\" \/><img decoding=\"async\" id=\"rating_4553_2\" src=\"https:\/\/blog-conny-dethloff.de\/wp-content\/plugins\/wp-postratings\/images\/stars\/rating_on.gif\" alt=\"2 Stars\" title=\"2 Stars\" onmouseover=\"current_rating(4553, 2, '2 Stars');\" onmouseout=\"ratings_off(4.8, 5, 0);\" onclick=\"rate_post();\" onkeypress=\"rate_post();\" style=\"cursor: pointer; border: 0px;\" \/><img decoding=\"async\" id=\"rating_4553_3\" src=\"https:\/\/blog-conny-dethloff.de\/wp-content\/plugins\/wp-postratings\/images\/stars\/rating_on.gif\" alt=\"3 Stars\" title=\"3 Stars\" onmouseover=\"current_rating(4553, 3, '3 Stars');\" onmouseout=\"ratings_off(4.8, 5, 0);\" onclick=\"rate_post();\" onkeypress=\"rate_post();\" style=\"cursor: pointer; border: 0px;\" \/><img decoding=\"async\" id=\"rating_4553_4\" src=\"https:\/\/blog-conny-dethloff.de\/wp-content\/plugins\/wp-postratings\/images\/stars\/rating_on.gif\" alt=\"4 Stars\" title=\"4 Stars\" onmouseover=\"current_rating(4553, 4, '4 Stars');\" onmouseout=\"ratings_off(4.8, 5, 0);\" onclick=\"rate_post();\" onkeypress=\"rate_post();\" style=\"cursor: pointer; border: 0px;\" \/><img decoding=\"async\" id=\"rating_4553_5\" src=\"https:\/\/blog-conny-dethloff.de\/wp-content\/plugins\/wp-postratings\/images\/stars\/rating_half.gif\" alt=\"5 Stars\" title=\"5 Stars\" onmouseover=\"current_rating(4553, 5, '5 Stars');\" onmouseout=\"ratings_off(4.8, 5, 0);\" onclick=\"rate_post();\" onkeypress=\"rate_post();\" style=\"cursor: pointer; border: 0px;\" \/> (<strong>8<\/strong> Bewertung(en), Durchschnitt: <strong>4.75<\/strong> von 5)<br \/><span class=\"post-ratings-text\" id=\"ratings_4553_text\"><\/span><\/span><span id=\"post-ratings-4553-loading\" class=\"post-ratings-loading\"><img loading=\"lazy\" decoding=\"async\" src=\"https:\/\/blog-conny-dethloff.de\/wp-content\/plugins\/wp-postratings\/images\/loading.gif\" width=\"16\" height=\"16\" class=\"post-ratings-image\" \/>Loading...<\/span>\n","protected":false},"excerpt":{"rendered":"<p>Die Neue Philanthropische Gesellschaft Hamburg, hat gestern zu einem Vortragsabend mit Christoph Quarch geladen. Der Titel des Vortrages war: \u201eWas vom Guten blieb\u201c Eine kritische W\u00fcrdigung des Konzeptes \u201eWert\u201c Ich bin der Einladung gefolgt und war sehr gespannt. Warum? Zum &hellip; <a href=\"https:\/\/blog-conny-dethloff.de\/?p=4553\">Continue reading <span class=\"meta-nav\">&rarr;<\/span><\/a><\/p>\n","protected":false},"author":1,"featured_media":0,"comment_status":"open","ping_status":"open","sticky":false,"template":"","format":"standard","meta":{"footnotes":""},"categories":[16,6],"tags":[89,105,104,103],"class_list":["post-4553","post","type-post","status-publish","format-standard","hentry","category-management-und-leadership","category-okonomie","tag-philosophie","tag-platon","tag-tugend","tag-werte"],"jetpack_featured_media_url":"","_links":{"self":[{"href":"https:\/\/blog-conny-dethloff.de\/index.php?rest_route=\/wp\/v2\/posts\/4553","targetHints":{"allow":["GET"]}}],"collection":[{"href":"https:\/\/blog-conny-dethloff.de\/index.php?rest_route=\/wp\/v2\/posts"}],"about":[{"href":"https:\/\/blog-conny-dethloff.de\/index.php?rest_route=\/wp\/v2\/types\/post"}],"author":[{"embeddable":true,"href":"https:\/\/blog-conny-dethloff.de\/index.php?rest_route=\/wp\/v2\/users\/1"}],"replies":[{"embeddable":true,"href":"https:\/\/blog-conny-dethloff.de\/index.php?rest_route=%2Fwp%2Fv2%2Fcomments&post=4553"}],"version-history":[{"count":2,"href":"https:\/\/blog-conny-dethloff.de\/index.php?rest_route=\/wp\/v2\/posts\/4553\/revisions"}],"predecessor-version":[{"id":4557,"href":"https:\/\/blog-conny-dethloff.de\/index.php?rest_route=\/wp\/v2\/posts\/4553\/revisions\/4557"}],"wp:attachment":[{"href":"https:\/\/blog-conny-dethloff.de\/index.php?rest_route=%2Fwp%2Fv2%2Fmedia&parent=4553"}],"wp:term":[{"taxonomy":"category","embeddable":true,"href":"https:\/\/blog-conny-dethloff.de\/index.php?rest_route=%2Fwp%2Fv2%2Fcategories&post=4553"},{"taxonomy":"post_tag","embeddable":true,"href":"https:\/\/blog-conny-dethloff.de\/index.php?rest_route=%2Fwp%2Fv2%2Ftags&post=4553"}],"curies":[{"name":"wp","href":"https:\/\/api.w.org\/{rel}","templated":true}]}}