{"id":4495,"date":"2019-03-15T16:49:12","date_gmt":"2019-03-15T15:49:12","guid":{"rendered":"http:\/\/blog-conny-dethloff.de\/?p=4495"},"modified":"2019-03-15T16:49:21","modified_gmt":"2019-03-15T15:49:21","slug":"hierarchie-und-selbstorganisation-passt-sehr-gut-zusammen","status":"publish","type":"post","link":"https:\/\/blog-conny-dethloff.de\/?p=4495","title":{"rendered":"Hierarchie und Selbstorganisation passt sehr gut zusammen"},"content":{"rendered":"<p>H\u00e4ufig von mir geh\u00f6rte Forderungen, wie<\/p>\n<ol>\n<li>Wir m\u00fcssen Hierarchien abschaffen!<\/li>\n<li>Wir m\u00fcssen Selbstorganisation etablieren!<\/li>\n<\/ol>\n<p>inspirieren mich zu diesem kurzen Blogpost. Ich m\u00f6chte n\u00e4mlich motivieren, rund um diese Begriffe ein wenig differenzierter zu diskutieren.<\/p>\n<p>Hierarchien an sich sind weder gut noch schlecht f\u00fcr Wertgenerierung. Funktional aufgestellte Hierarchien stehen einer Wertgenerierung im Wege, da die Marktbedingungen komplexer geworden sind, weil Menschen heute mehr M\u00f6glichkeiten haben als fr\u00fcher, ihre W\u00fcnsche zu befriedigen. Das f\u00fchrt dazu, dass Effizienz nicht mehr Trumpf ist. Effektivit\u00e4t sollte mehr im Fokus stehen. Funktionale Hierarchien befeuern aber Effizienz und vernachl\u00e4ssigen Effektivit\u00e4t. Man k\u00f6nnte auch sagen, die funktionalen Hierarchien sind in puncto Wertgenerierung kontextlos, da sie den Kunden aus dem Blick verlieren. Wertgenerierung geschieht stets cross-funktional. Also sollte man Hierarchien in diesem Sinne sich ausbilden lassen. Ohne g\u00e4nzlich Hierarchien zu haben gibt es keine Wertgenerierung, da dann Chaos herrscht.<\/p>\n<p>Hierarchien existieren immer. Stets dann, wenn Menschen miteinander agieren, entstehen Hierarchien. Das kann man gar nicht verhindern, sollte man auch gar nicht. Denn, wann immer der Mensch, der zu einem Thema das gr\u00f6\u00dfte Talent hat, f\u00fchrt, ist das gut und gewollt. Die Herausforderung ist eben nur, diese Hierarchien kontextabh\u00e4ngig entstehen und wieder zerfallen zu lassen, je nach zu bearbeitendem Problem. Diese F\u00e4higkeit nenne ich passf\u00e4hige Selbstorganisation. \u00c4hnlich wie man Hierarchien nicht verhindern kann, l\u00e4sst sich Selbstorganisation nicht verhindern. Sie ist stets pr\u00e4sent, wenn Menschen miteinander denken und handeln.\u00a0<\/p>\n<p>M\u00f6chte man Themen erledigt bekommen, sollte man Menschen f\u00fcr diese Themen in Verantwortung bringen. Das geschieht \u00fcber Hierarchien. Wie wird in Unternehmen heute aber immer noch prim\u00e4r Verantwortung verteilt, also wer entscheidet beispielsweise \u00fcber die Verteilung von Budget? Menschen in funktionaler Verantwortung. Wie wird aber Wert generiert? Crossfunktional. Diesen Missmatch darf man nicht Hierarchien an sich anlasten oder fehlender Selbstorganisation, sondern nur unserem nicht passf\u00e4higen Denkrahmen, wie Verantwortung verteilt werden sollte.<\/p>\n<span id=\"post-ratings-4495\" class=\"post-ratings\" data-nonce=\"49747460a9\"><img decoding=\"async\" id=\"rating_4495_1\" src=\"https:\/\/blog-conny-dethloff.de\/wp-content\/plugins\/wp-postratings\/images\/stars\/rating_on.gif\" alt=\"1 Star\" title=\"1 Star\" onmouseover=\"current_rating(4495, 1, '1 Star');\" onmouseout=\"ratings_off(4.4, 5, 0);\" onclick=\"rate_post();\" onkeypress=\"rate_post();\" style=\"cursor: pointer; border: 0px;\" \/><img decoding=\"async\" id=\"rating_4495_2\" src=\"https:\/\/blog-conny-dethloff.de\/wp-content\/plugins\/wp-postratings\/images\/stars\/rating_on.gif\" alt=\"2 Stars\" title=\"2 Stars\" onmouseover=\"current_rating(4495, 2, '2 Stars');\" onmouseout=\"ratings_off(4.4, 5, 0);\" onclick=\"rate_post();\" onkeypress=\"rate_post();\" style=\"cursor: pointer; border: 0px;\" \/><img decoding=\"async\" id=\"rating_4495_3\" src=\"https:\/\/blog-conny-dethloff.de\/wp-content\/plugins\/wp-postratings\/images\/stars\/rating_on.gif\" alt=\"3 Stars\" title=\"3 Stars\" onmouseover=\"current_rating(4495, 3, '3 Stars');\" onmouseout=\"ratings_off(4.4, 5, 0);\" onclick=\"rate_post();\" onkeypress=\"rate_post();\" style=\"cursor: pointer; border: 0px;\" \/><img decoding=\"async\" id=\"rating_4495_4\" src=\"https:\/\/blog-conny-dethloff.de\/wp-content\/plugins\/wp-postratings\/images\/stars\/rating_on.gif\" alt=\"4 Stars\" title=\"4 Stars\" onmouseover=\"current_rating(4495, 4, '4 Stars');\" onmouseout=\"ratings_off(4.4, 5, 0);\" onclick=\"rate_post();\" onkeypress=\"rate_post();\" style=\"cursor: pointer; border: 0px;\" \/><img decoding=\"async\" id=\"rating_4495_5\" src=\"https:\/\/blog-conny-dethloff.de\/wp-content\/plugins\/wp-postratings\/images\/stars\/rating_half.gif\" alt=\"5 Stars\" title=\"5 Stars\" onmouseover=\"current_rating(4495, 5, '5 Stars');\" onmouseout=\"ratings_off(4.4, 5, 0);\" onclick=\"rate_post();\" onkeypress=\"rate_post();\" style=\"cursor: pointer; border: 0px;\" \/> (<strong>8<\/strong> Bewertung(en), Durchschnitt: <strong>4.38<\/strong> von 5)<br \/><span class=\"post-ratings-text\" id=\"ratings_4495_text\"><\/span><\/span><span id=\"post-ratings-4495-loading\" class=\"post-ratings-loading\"><img loading=\"lazy\" decoding=\"async\" src=\"https:\/\/blog-conny-dethloff.de\/wp-content\/plugins\/wp-postratings\/images\/loading.gif\" width=\"16\" height=\"16\" class=\"post-ratings-image\" \/>Loading...<\/span>\n\n\n<p><\/p>\n","protected":false},"excerpt":{"rendered":"<p>H\u00e4ufig von mir geh\u00f6rte Forderungen, wie Wir m\u00fcssen Hierarchien abschaffen! Wir m\u00fcssen Selbstorganisation etablieren! inspirieren mich zu diesem kurzen Blogpost. Ich m\u00f6chte n\u00e4mlich motivieren, rund um diese Begriffe ein wenig differenzierter zu diskutieren. Hierarchien an sich sind weder gut noch &hellip; <a href=\"https:\/\/blog-conny-dethloff.de\/?p=4495\">Continue reading <span class=\"meta-nav\">&rarr;<\/span><\/a><\/p>\n","protected":false},"author":1,"featured_media":0,"comment_status":"open","ping_status":"open","sticky":false,"template":"","format":"standard","meta":{"footnotes":""},"categories":[5],"tags":[84,98,97],"class_list":["post-4495","post","type-post","status-publish","format-standard","hentry","category-denken","tag-denken","tag-hierarchie","tag-selbstorganisation"],"jetpack_featured_media_url":"","_links":{"self":[{"href":"https:\/\/blog-conny-dethloff.de\/index.php?rest_route=\/wp\/v2\/posts\/4495","targetHints":{"allow":["GET"]}}],"collection":[{"href":"https:\/\/blog-conny-dethloff.de\/index.php?rest_route=\/wp\/v2\/posts"}],"about":[{"href":"https:\/\/blog-conny-dethloff.de\/index.php?rest_route=\/wp\/v2\/types\/post"}],"author":[{"embeddable":true,"href":"https:\/\/blog-conny-dethloff.de\/index.php?rest_route=\/wp\/v2\/users\/1"}],"replies":[{"embeddable":true,"href":"https:\/\/blog-conny-dethloff.de\/index.php?rest_route=%2Fwp%2Fv2%2Fcomments&post=4495"}],"version-history":[{"count":5,"href":"https:\/\/blog-conny-dethloff.de\/index.php?rest_route=\/wp\/v2\/posts\/4495\/revisions"}],"predecessor-version":[{"id":4500,"href":"https:\/\/blog-conny-dethloff.de\/index.php?rest_route=\/wp\/v2\/posts\/4495\/revisions\/4500"}],"wp:attachment":[{"href":"https:\/\/blog-conny-dethloff.de\/index.php?rest_route=%2Fwp%2Fv2%2Fmedia&parent=4495"}],"wp:term":[{"taxonomy":"category","embeddable":true,"href":"https:\/\/blog-conny-dethloff.de\/index.php?rest_route=%2Fwp%2Fv2%2Fcategories&post=4495"},{"taxonomy":"post_tag","embeddable":true,"href":"https:\/\/blog-conny-dethloff.de\/index.php?rest_route=%2Fwp%2Fv2%2Ftags&post=4495"}],"curies":[{"name":"wp","href":"https:\/\/api.w.org\/{rel}","templated":true}]}}