{"id":4447,"date":"2019-01-24T06:36:31","date_gmt":"2019-01-24T05:36:31","guid":{"rendered":"http:\/\/blog-conny-dethloff.de\/?p=4447"},"modified":"2019-01-24T06:42:15","modified_gmt":"2019-01-24T05:42:15","slug":"meine-impulsgeber","status":"publish","type":"post","link":"https:\/\/blog-conny-dethloff.de\/?p=4447","title":{"rendered":"Meine Impulsgeber"},"content":{"rendered":"<p>Oft werde ich nach den Impulsgebern meiner Erkenntnisse und Ideen zu den Themen Agil, Lean, Leadership, New Work etc. gefragt. Dieser Foliensatz fasst diese zusammen und erkl\u00e4rt, welche Ideen ich welchen Prim\u00e4rliteraten entnommen habe.<\/p>\n<p><iframe loading=\"lazy\" title=\"Meine Reise des Verstehens: Meine Impulsgeber sind Prim\u00e4rliteraten\" src=\"https:\/\/www.slideshare.net\/slideshow\/embed_code\/key\/ctqABXUr90BVFQ\" width=\"427\" height=\"356\" frameborder=\"0\" marginwidth=\"0\" marginheight=\"0\" scrolling=\"no\" style=\"border:1px solid #CCC; border-width:1px; margin-bottom:5px; max-width: 100%;\" allowfullscreen> <\/iframe><\/p>\n<p>Auf meiner Reise des Verstehens, f\u00fcr die der Startschuss im Jahre 2006 fiel, habe ich begonnen, mich haupts\u00e4chlich auf Prim\u00e4rliteraten als Impulsgeber zu beziehen und diese versucht, in ihren Gedankeng\u00e4ngen zu verstehen, um f\u00fcr mich Erkenntnis zu generieren.<\/p>\n<h3><span style=\"color: #6666ff;\">Warum?<\/span><\/h3>\n<p>Viele B\u00fccher, Beitr\u00e4ge, Vortr\u00e4ge etc., die ich heute unter dem Deckmantel F\u00fchrung, Agilit\u00e4t, Lean, New Work etc. lese bzw. h\u00f6re, wurden in meinen Augen falsch da zu einfach und trivial aus dem Original \u00fcbersetzt.<\/p>\n<h3><span style=\"color: #6666ff;\">Ein Beispiel gef\u00e4llig?<\/span><\/h3>\n<p>Lese oder h\u00f6re ich S\u00e4tze wie<\/p>\n<blockquote><p>\u201eWir m\u00fcssen Hierarchien abschaffen!\u201c<\/p><\/blockquote>\n<p>oder<\/p>\n<blockquote><p>\u201eWir m\u00fcssen Selbstorganisation st\u00e4rken!\u201c<\/p><\/blockquote>\n<p>wei\u00df ich, dass die Prim\u00e4rliteraten eben nicht richtig verstanden wurden, denn, wann immer Menschen zusammen kommen existieren Hierarchien und Selbstorganisation, ob man will oder nicht. Man bekommt sie nicht weg. Auf Passf\u00e4higkeit dieser Strukturen zur Umwelt sollte geachtet werden, aber nicht darauf diese einf\u00fchren oder l\u00f6schen zu wollen.<\/p>\n<p>Eine Anmerkung ist mir sehr wichtig. Wenn ich schreibe, dass ich meine Ideen von den hier aufgef\u00fchrten Prim\u00e4rliteraten habe, muss ich eine Ausnahme setzen, n\u00e4mlich bei Stafford Beer. Beer hat in meinen Augen zu schwierig geschrieben. Seine Ideen habe ich durch meinen guten Freund <a href=\"http:\/\/intelligente-organisationen.de\/\">Mark Lambertz<\/a> erst verstehen und dann vertiefen k\u00f6nnen, weshalb ich sein initiales Buch zum VSM auf der Seite von Beer auch aufgef\u00fchrt habe. Danke Mark.<\/p>\n<span id=\"post-ratings-4447\" class=\"post-ratings\" data-nonce=\"5d22d1ccee\"><img decoding=\"async\" id=\"rating_4447_1\" src=\"https:\/\/blog-conny-dethloff.de\/wp-content\/plugins\/wp-postratings\/images\/stars\/rating_on.gif\" alt=\"1 Star\" title=\"1 Star\" onmouseover=\"current_rating(4447, 1, '1 Star');\" onmouseout=\"ratings_off(5, 0, 0);\" onclick=\"rate_post();\" onkeypress=\"rate_post();\" style=\"cursor: pointer; border: 0px;\" \/><img decoding=\"async\" id=\"rating_4447_2\" src=\"https:\/\/blog-conny-dethloff.de\/wp-content\/plugins\/wp-postratings\/images\/stars\/rating_on.gif\" alt=\"2 Stars\" title=\"2 Stars\" onmouseover=\"current_rating(4447, 2, '2 Stars');\" onmouseout=\"ratings_off(5, 0, 0);\" onclick=\"rate_post();\" onkeypress=\"rate_post();\" style=\"cursor: pointer; border: 0px;\" \/><img decoding=\"async\" id=\"rating_4447_3\" src=\"https:\/\/blog-conny-dethloff.de\/wp-content\/plugins\/wp-postratings\/images\/stars\/rating_on.gif\" alt=\"3 Stars\" title=\"3 Stars\" onmouseover=\"current_rating(4447, 3, '3 Stars');\" onmouseout=\"ratings_off(5, 0, 0);\" onclick=\"rate_post();\" onkeypress=\"rate_post();\" style=\"cursor: pointer; border: 0px;\" \/><img decoding=\"async\" id=\"rating_4447_4\" src=\"https:\/\/blog-conny-dethloff.de\/wp-content\/plugins\/wp-postratings\/images\/stars\/rating_on.gif\" alt=\"4 Stars\" title=\"4 Stars\" onmouseover=\"current_rating(4447, 4, '4 Stars');\" onmouseout=\"ratings_off(5, 0, 0);\" onclick=\"rate_post();\" onkeypress=\"rate_post();\" style=\"cursor: pointer; border: 0px;\" \/><img decoding=\"async\" id=\"rating_4447_5\" src=\"https:\/\/blog-conny-dethloff.de\/wp-content\/plugins\/wp-postratings\/images\/stars\/rating_on.gif\" alt=\"5 Stars\" title=\"5 Stars\" onmouseover=\"current_rating(4447, 5, '5 Stars');\" onmouseout=\"ratings_off(5, 0, 0);\" onclick=\"rate_post();\" onkeypress=\"rate_post();\" style=\"cursor: pointer; border: 0px;\" \/> (<strong>5<\/strong> Bewertung(en), Durchschnitt: <strong>5.00<\/strong> von 5)<br \/><span class=\"post-ratings-text\" id=\"ratings_4447_text\"><\/span><\/span><span id=\"post-ratings-4447-loading\" class=\"post-ratings-loading\"><img loading=\"lazy\" decoding=\"async\" src=\"https:\/\/blog-conny-dethloff.de\/wp-content\/plugins\/wp-postratings\/images\/loading.gif\" width=\"16\" height=\"16\" class=\"post-ratings-image\" \/>Loading...<\/span>\n","protected":false},"excerpt":{"rendered":"<p>Oft werde ich nach den Impulsgebern meiner Erkenntnisse und Ideen zu den Themen Agil, Lean, Leadership, New Work etc. gefragt. Dieser Foliensatz fasst diese zusammen und erkl\u00e4rt, welche Ideen ich welchen Prim\u00e4rliteraten entnommen habe. Auf meiner Reise des Verstehens, f\u00fcr &hellip; <a href=\"https:\/\/blog-conny-dethloff.de\/?p=4447\">Continue reading <span class=\"meta-nav\">&rarr;<\/span><\/a><\/p>\n","protected":false},"author":1,"featured_media":0,"comment_status":"open","ping_status":"open","sticky":false,"template":"","format":"standard","meta":{"footnotes":""},"categories":[16],"tags":[96],"class_list":["post-4447","post","type-post","status-publish","format-standard","hentry","category-management-und-leadership","tag-impulsgeber"],"jetpack_featured_media_url":"","_links":{"self":[{"href":"https:\/\/blog-conny-dethloff.de\/index.php?rest_route=\/wp\/v2\/posts\/4447","targetHints":{"allow":["GET"]}}],"collection":[{"href":"https:\/\/blog-conny-dethloff.de\/index.php?rest_route=\/wp\/v2\/posts"}],"about":[{"href":"https:\/\/blog-conny-dethloff.de\/index.php?rest_route=\/wp\/v2\/types\/post"}],"author":[{"embeddable":true,"href":"https:\/\/blog-conny-dethloff.de\/index.php?rest_route=\/wp\/v2\/users\/1"}],"replies":[{"embeddable":true,"href":"https:\/\/blog-conny-dethloff.de\/index.php?rest_route=%2Fwp%2Fv2%2Fcomments&post=4447"}],"version-history":[{"count":7,"href":"https:\/\/blog-conny-dethloff.de\/index.php?rest_route=\/wp\/v2\/posts\/4447\/revisions"}],"predecessor-version":[{"id":4455,"href":"https:\/\/blog-conny-dethloff.de\/index.php?rest_route=\/wp\/v2\/posts\/4447\/revisions\/4455"}],"wp:attachment":[{"href":"https:\/\/blog-conny-dethloff.de\/index.php?rest_route=%2Fwp%2Fv2%2Fmedia&parent=4447"}],"wp:term":[{"taxonomy":"category","embeddable":true,"href":"https:\/\/blog-conny-dethloff.de\/index.php?rest_route=%2Fwp%2Fv2%2Fcategories&post=4447"},{"taxonomy":"post_tag","embeddable":true,"href":"https:\/\/blog-conny-dethloff.de\/index.php?rest_route=%2Fwp%2Fv2%2Ftags&post=4447"}],"curies":[{"name":"wp","href":"https:\/\/api.w.org\/{rel}","templated":true}]}}