{"id":3511,"date":"2016-07-08T05:27:00","date_gmt":"2016-07-08T04:27:00","guid":{"rendered":"http:\/\/blog-conny-dethloff.de\/?p=3511"},"modified":"2016-07-08T05:27:00","modified_gmt":"2016-07-08T04:27:00","slug":"wir-haben-uns-nicht-fur-digitalisierung-entschieden","status":"publish","type":"post","link":"https:\/\/blog-conny-dethloff.de\/?p=3511","title":{"rendered":"Wir haben uns nicht f\u00fcr Digitalisierung entschieden, &#8230;"},"content":{"rendered":"<p>Im Rahmen des <a href=\"http:\/\/berlin.pm-camp.org\/\">PM Camps in Berlin<\/a>, welches vom 29.09. bis 01.10.2016 stattfindet, wurde eine Blogparade mit dem Titel <a href=\"http:\/\/berlin.pm-camp.org\/2016\/07\/01\/aufruf-blogparade-digitalisierung\/\">DIGITALISIERUNG \u2013 in Projekten und dar\u00fcber hinaus \u2026<\/a> gestartet. Ich zitiere aus der Einladung zu dieser Blogparade.<\/p>\n<blockquote><p>Beim PM Camp Berlin 4.0 geht es um DIGITALISIERUNG \u2013 in Projekten, durch Projekte, aber auch dar\u00fcber hinaus. Das ist nat\u00fcrlich noch einigerma\u00dfen abstrakt. Lasst es uns doch schon einmal etwas konkretisieren: Was also bedeutet DIGITALISIERUNG f\u00fcr Dich pers\u00f6nlich? Wir sind gespannt auf Eure Beitr\u00e4ge \u2013 macht mit bei unserer Blogparade!<\/p><\/blockquote>\n<p>Cool, genau mein Thema derzeit. Also bin ich nat\u00fcrlich mit einem Beitrag am Start. Da m\u00f6chte ich doch am Anfang meines Beitrages gleich den Satz, den ich im Titel dieses Beitrags angefangen habe, vervollst\u00e4ndigen.<\/p>\n<p><strong>Wir haben uns nicht f\u00fcr Digitalisierung entschieden, sondern nur die Entwicklung im Kontext unseres Denkrahmens, den wir mit dem Beginn der Naturwissenschaften geschaffen haben, konsequent fortgef\u00fchrt. Die Entscheidung \u00fcber Digitalisierung ist viel fr\u00fcher, genauer im 17. Jahrhundert, gef\u00e4llt worden.<\/strong><\/p>\n<p>Dann ist das Thema Digitalisierung also bereits relativ alt und gar kein so junges Thema? Genau, das ist meine Meinung, welche ich jetzt kurz ausf\u00fchren m\u00f6chte.<\/p>\n<h3><span style=\"color: #6666ff;\">Was hat Digitalisierung mit Naturwissenschaft zu tun?<\/span><\/h3>\n<p>Den Startschuss f\u00fcr die Digitalisierung haben wir mit dem Beginn unserer Naturwissenschaften im 17. Jahrhundert gegeben. Zur Zeit des 30-j\u00e4hrigen Krieges, in welchem sich die Menschen gegenseitig um der Wahrheit Willen get\u00f6tet haben, hat sich Rene Descartes, franz\u00f6sischer Philosoph, Mathematiker und Naturwissenschaftler, die Frage gestellt, ob es keine andere Art und Weise geben kann, \u00fcber Wahrheit zu &#8220;streiten&#8221;?<\/p>\n<p>Das war der Impuls f\u00fcr den Beginn der Naturwissenschaften. Es wurde also ein Denkrahmen geschaffen, der es erlaubt, \u00fcber Themen und Sachverhalte zu diskutieren. Francis Bacon, englischer Philosoph und Wegbereiter des Empirismus, hat als erster formuliert, dass der Sinn der Naturwissenschaften darin besteht, die Natur zu beherrschen. Descartes hat dieser Forderung Leben eingehaucht, in dem er die Methode von Galileo Galilei fortgef\u00fchrt hat, die aussagt, wie Problemstellungen wissenschaftlich untersucht werden sollten. Diese Methode beruht auf den folgenden S\u00e4ulen.<\/p>\n<ol>\n<li>Gefundene Erkenntnisse m\u00fcssen reproduzierbar sein.<\/li>\n<li>Gefundene Erkenntnisse m\u00fcssen objektivierbar sein. Egal wer ein Experiment ausf\u00fchrt, es kommt stets das gleiche Ergebnis heraus.<\/li>\n<li>Gefundene Erkenntnisse m\u00fcssen quantitativ abgelegt sein, sonst sind diese nicht ernst zu nehmen, da zu schwammig.<\/li>\n<li>Gefundene Erkenntnisse m\u00fcssen kausal \u00fcber Ursache-Wirkung-Denken hergeleitet sein.<\/li>\n<\/ol>\n<p>Es ist leicht einzusehen, dass diese Methode eine Trennung zwischen Geist und Materie voraussetzt und nur f\u00fcr die Materie gilt. Grunds\u00e4tzlich ist diese Methode aufgebaut auf den Axiomen der Aristotelischen Zweiwertigen Logik, die da hei\u00dfen.<\/p>\n<ol>\n<li>Satz der Identit\u00e4t: Alles ist identisch mit sich selbst und verschieden von anderen.<\/li>\n<li>Satz vom Widerspruch: Von zwei sich widersprechenden Aussagen k\u00f6nnen nicht beide gleichzeitig richtig sein.<\/li>\n<li>Satz vom ausgeschlossenen Dritten (tertium non datur): F\u00fcr eine beliebige Aussage muss mindestens die Aussage selbst oder ihr Gegenteil gelten. Eine dritte M\u00f6glichkeit ist ausgeschlossen.<\/li>\n<\/ol>\n<p>Sp\u00e4testens seit dem 12. Jahrhundert haben wir uns in unserem Abendl\u00e4ndischen Kulturraum auf diesen Aristotelischen Denkrahmen festgelegt. Details dazu finden Sie in meinem Beitrag <a href=\"http:\/\/blog-conny-dethloff.de\/?p=2979\">Unser Denkrahmen hat sich seit dem Mittelalter nicht weiter entwickelt<\/a>. \u00dcbrigens sind die Menschen im asiatischen Kulturraum diesem Denkrahmen, auch oft als Entweder-Oder-Denken bezeichnet, nicht &#8220;per Gesetz&#8221; aufgesessen. Sie kennen im Gegensatz zu den Menschen im Abendl\u00e4ndischen Kulturraum noch weitere, wie beispielsweise das Buddhistische Denken. Sie haben sich nur teilweise f\u00fcr diesen Denkrahmen entschieden, da sie anschlussf\u00e4hig sein mussten f\u00fcr unser Wissenschafts- und Wirtschaftssystem.<\/p>\n<p>Erkennen Sie jetzt bereits den Zusammenhang zwischen dem Beginn der Naturwissenschaft und der Digitalisierung? Unternehmen Sie gerne den Versuch und &#8220;googeln&#8221; Sie den Begriff &#8220;Digitalisierung&#8221; und setzen Sie die Beitr\u00e4ge, in denen es um Technologie (Materie) geht, mit denen, die den Menschen (Geist und Materie) reflektieren, ins Verh\u00e4ltnis.<\/p>\n<p>Wir identifizieren Digitalisierung viel zu h\u00e4ufig mit der Weiterentwicklung von Technologie. Alle Probleme und Herausforderungen versuchen wir \u00fcber Technologie zu l\u00f6sen. Nehmen Sie nur als Beispiel die Kommunikation in Unternehmen. Stellen wir fest, dass diese nicht gut genug ist, stellen wir gleich die Toolfrage: Welches Tool nutzen wir zuk\u00fcnftig, um vernetzter zu agieren? Das Kommunikation eine zu tiefst menschliche Angelegenheit ist, wird au\u00dfer Acht gelassen. Sie finden sicherlich weitere Beispiele, die diesen Fakt belegen. \u00dcbrigens ist unser gesamtes Managementsystem in Unternehmen auf dem Aristotelischen Denkrahmen aufgebaut. Das k\u00f6nnen Sie sicherlich in Ihrem t\u00e4glichen Berufsalltag leicht nachpr\u00fcfen.<\/p>\n<p>Ray Kurzweil, der &#8220;Technologie-Papst&#8221; im Kontext Digitalisierung, sagte beispielsweise, dass es unabdingbar w\u00e4re, intelligente Maschinen zu entwickeln, da nur diese alle Probleme unserer heutigen Zeit l\u00f6sen k\u00f6nnten. Alleine beim Schreiben dieses Satzes versp\u00fcre ich wahnsinnige Schmerzen. Aber diese Aussage ist absolut konsequent, da zu unserem Denkrahmen passf\u00e4hig. Warum die Schmerzen in mir? Das behandele ich nun.<\/p>\n<h3><span style=\"color: #6666ff;\">Wir entmenschlichen im derzeitigen Denkrahmen unsere Gesellschaft<\/span><\/h3>\n<p>Nat\u00fcrlich, und das m\u00f6chte ich vorweg schicken, haben wir im Rahmen des Aristotelischen Denkrahmens enorme und f\u00fcr uns auch wichtige Fortschritte erlangt, aber eben nur im technologischen Bereich. Das ist unbestritten und auch gut so. Allerdings fehlt dabei stets eine Komponente, und das ist die Lebendigkeit. Lebendigkeit ist durchzogen von Widerspr\u00fcchen. Ohne Widerspr\u00fcche gibt es keine Lebendigkeit. Aber unser Aristotelischer Denkrahmen schlie\u00dft nun einmal Widerspr\u00fcche aus. Erinnern sie sich gerne an den oben dargestellten Satz vom Widerspruch. Lebendigkeit k\u00f6nnen wir in unserem Denkrahmen nicht behandeln, also schlie\u00dfen wir sie aus und damit den Menschen. Dadurch geht Menschlichkeit in unserer Gesellschaft verloren. Und das ist mein Schmerz.<\/p>\n<p>Diese Entmenschlichung erkannt man auch leicht an Handlungsmuster, die f\u00fcr uns im Alltag total normal geworden sind. Wenn wir uns beispielsweise krank f\u00fchlen, greifen wir sofort zum Thermometer, um Fieber zu messen. Wir trauen unserem Gef\u00fchl nicht, sondern m\u00fcssen dieses technologisch nachweisen. Das mag banal klingen. F\u00fcr mich allerdings ist das ein Indiz daf\u00fcr, wie sehr wir uns nicht nur von unseren Mitmenschen entfremden, sondern sogar auch von uns selbst.<\/p>\n<p>H\u00e4ufig reicht es uns aus, dass wir Sachverhalte messen k\u00f6nnen, da wir glauben, dass damit das Verst\u00e4ndnis \u00fcber diesen Sachverhalt einhergeht. Welche Ausma\u00dfe das annehmen kann, sehen wir beispielsweise in der Psychologie. Der brand eins Artikel <a href=\"http:\/\/www.brandeins.de\/archiv\/2016\/richtig-bewerten\/psychodiagnostik-wir-wissen-nicht-was-es-ist-aber-wir-koennen-es-messen\/\">Wir wissen nicht, was es ist. Aber wir k\u00f6nnen es messen.<\/a> behandelt dieses Thema sehr anschaulich. Ich zitiere kurz als Appetith\u00e4ppchen.<\/p>\n<blockquote><p>Mittlerweile sind allein im deutschsprachigen Raum mehrere Tausend Tests f\u00fcr alle denkbaren Fragestellungen auf dem Markt. Dazu z\u00e4hlen Pers\u00f6nlichkeitstests f\u00fcr Sch\u00fcler \u2013 damit die auf ihrem Lebensweg auch ja keine Zeit verlieren. Einer der Anbieter ist die Gesellschaft f\u00fcr psychologische Eignungsdiagnostik und Unternehmensberatung (Gepedu) aus Egmating bei M\u00fcnchen, die mit ihren &#8220;wissenschaftlich fundierten Verfahren&#8221; wirbt. Dazu z\u00e4hlt unter anderem ein Berufsorientierungstest f\u00fcr Sch\u00fcler, der online absolviert werden kann. Eine ausf\u00fchrliche Auswertung kostet 23,80 Euro. Dieses maschinell erzeugte Ferngutachten enth\u00e4lt Prozentangaben dar\u00fcber, inwieweit Frustrationstoleranz, Belastbarkeit, Selbstvertrauen und Selbstbewusstsein, Teamf\u00e4higkeit, Einf\u00fchlungsverm\u00f6gen, Konfliktst\u00e4rke, Kritikf\u00e4higkeit und Begeisterungsf\u00e4higkeit \u00fcber- oder unterdurchschnittlich ausgepr\u00e4gt sind.<\/p><\/blockquote>\n<p>Alleine dieses Zitat macht nachdenklich, oder? Aber lesen Sie gerne den ganzen Artikel. Des Weiteren finden Sie in meinem <a href=\"https:\/\/www.evernote.com\/pub\/condet\/Zettelkasten#st=p&amp;x=Menschlich\">Zettelkasten<\/a> eine Reihe weiterer Links zu Beitr\u00e4gen, in denen Ph\u00e4nomene dieser Art aufgedeckt werden.<\/p>\n<h3><span style=\"color: #6666ff;\">Wie bekommen wir wieder Menschlichkeit in unsere Gesellschaft?<br \/>\n<\/span><\/h3>\n<p>In diesem Kontext m\u00f6chte ich, da gar nicht m\u00f6glich, keine Rezepte liefern, sondern eher Impulse setzen, die es erlauben, unseren derzeitigen Aristotelischen Denkrahmen zu erweitern, damit wir wieder Menschlichkeit zulassen.<\/p>\n<p>Als erstes m\u00f6chte ich auf Heinz von Foerster eingehen, der die <a href=\"http:\/\/blog-conny-dethloff.de\/?p=236\">Kybernetik zweiter Ordnung<\/a> gepr\u00e4gt hat wie kein Zweiter. Im Rahmen der Kybernetik erster Ordnung werden <strong>beobachtete<\/strong> Systeme behandelt, wohingegen im Rahmen der Kybernetik zweiter Ordnung <strong>beobachtende<\/strong> Systeme betrachtet werden. In diesem Kontext wird also der Mensch, der Experimente durchf\u00fchrt, der denkt, der wahrnimmt, der f\u00fchlt etc. um Erkenntnisse zu generieren, in die Betrachtung mit einbezogen. Mit dieser Erweiterung des Denkrahmens kommt dann Heinz von Foerster zu einer differenzierten Betrachtung der Wahrheit. Vorher w\u00e4re dies gar nicht m\u00f6glich gewesen.<\/p>\n<p>Er hinterfragt also die Basis, auf der unser Aristotelischer Denkrahmen entstanden ist, und hat so erst die Chance diesen Denkrahmen zu erweitern. Cool. Aus seiner Sicht bedingen sich Wahrheit und L\u00fcge gegenseitig. Wer von Wahrheit spricht, macht seinen Gegen\u00fcber direkt oder indirekt zu einem L\u00fcgner. Sie erinnern sich sicherlich an die oben aufgezeigten Axiome unseres Denkrahmens. Die beiden Begriffe &#8220;Wahrheit&#8221; und &#8220;L\u00fcge&#8221; geh\u00f6ren also zu einer Kategorie des Denkens, die wir erweitern sollten, um neue Erkenntnisse zu erm\u00f6glichen. Nach seiner Auffassung hat die Thematisierung von der Wahrheit katastrophale Folgen und zerst\u00f6rt die Einheit der Menschheit. Ich denke ein Blick in die heutige Nachrichtenwelt kann diese These nicht entkr\u00e4ften, oder?<\/p>\n<p>N\u00e4heres dazu finden Sie in diesem <a href=\"http:\/\/www.zeit.de\/1998\/04\/Wahrheit_ist_die_Erfindung_eines_Luegners\">Interview mit Heinz von Foerster<\/a> sowie ausf\u00fchrlicher dann im Buch <a href=\"http:\/\/www.carl-auer.de\/programm\/artikel\/titel\/wahrheit-ist-die-erfindung-eines-luegners\/\">Wahrheit ist die Erfindung eines L\u00fcgners<\/a><\/p>\n<p>Als n\u00e4chstes komme ich zu Prof. Dr. Arno Gruen. Auch er hinterfragt, \u00e4hnlich wie Heinz von Foerster, die Basis unseres derzeitigen Denkrahmens, n\u00e4mlich die Aussage von Francis Bacon, dass wir Menschen die Natur beherrschen sollten, was ja Aufgabe der Naturwissenschaften an sich sein soll. Seiner Meinung nach sollten wir Menschen eher dem\u00fctig mit uns und der Natur umgehen, uns im Einklang mit dieser sehen. Das kognitive und abstrakte Denken, also unser existierender Denkrahmen, ersetzt das Empathische in uns. Ohne Empathie aber erzeugen wir eine Scheinwelt, die befreit ist von Mitgef\u00fchl und damit von Verbundenheit zueinander. Auch er spricht von fehlender Menschlichkeit. Unser Denkrahmen basiert auf ein &#8220;Feinddenken&#8221;, da es auf Dichotomien aufgebaut ist. Heinz von Foerster hat diesen Fakt an der Dichotomie &#8220;L\u00fcge-Wahrheit&#8221; aufgezeigt.<\/p>\n<p>Details dazu k\u00f6nnen Sie sich gerne in seinem Vortrag &#8220;Gespaltenes Bewusstsein. Empathie versus Kognition&#8221; anh\u00f6ren.<\/p>\n<p>https:\/\/www.youtube.com\/watch?v=hHI1jm3uwwo<\/p>\n<p>Interessant ist auch, dass er einen Vergleich zu den Naturv\u00f6lkern zieht, die wir gerne als primitiv einstufen. Warum? Weil sie unseren Aristotelischen Denkrahmen nicht einnehmen und dadurch unseren technologischen Fortschritt nicht teilen. Was sie sich aber erhalten haben ist die Zuwendung zur Natur und damit auch das Bewahren des Miteinander. Vielleicht sollten wir unsere Wertung \u00fcber diese Menschen noch einmal \u00fcberdenken, oder?<\/p>\n<p>Die Naturwissenschaften haben uns den Respekt vor den Kr\u00e4ften der Natur genommen. Wir sollten unser Beobachten und unser Wahrnehmen wiederentdecken. Denn, die Naturwissenschaftler schauen schon lange nicht mehr mit dem blo\u00dfen Auge, riechen nicht mehr mit der Nase und h\u00f6ren nicht mehr mit den Ohren. Elektronische Sensoren, raffinierte chemische Analyseinstrumente und Gensequenzierungsapparate haben die von der menschlichen Natur gesetzten Grenzen unserer Sinne weit hinter sich gelassen. Die Augen der Wissenschaft sind heute Mikroskope wachsender technischer Raffinesse. Und diese Sensoren basieren eben auf den Erkenntnissen und Errungenschaften unserer Naturwissenschaften. Ein Teufelskreis? Ja, dem wir entrinnen sollten. Mehr dazu gerne <a href=\"http:\/\/akademieintegra.wordpress.com\/2014\/01\/14\/beobachten-neu-lernen\/\">hier<\/a>.<\/p>\n<p>Ankn\u00fcpfend daran komme ich zu einem dritten Vertreter, den ich in diesem Zuge nennen m\u00f6chte. Vielleicht f\u00fcr Einige \u00fcberraschend handelt es sich hier um Johann Wolfgang von Goethe. Er war eben nicht nur Dichter, auch wenn Wikipedia genau dies ausweist, sondern auch Denker. Er hat zu seiner Zeit ebenfalls den hier oft angesprochenen Aristotelischen Denkrahmen kritisiert und zu erweitern versucht. Kurz, in meinen Worten zusammengefasst, kritisiert er, dass wir in unserem derzeitigen Denkrahmen viel zu fr\u00fch und unreflektiert von Modellen ausgehen, auf deren Basis wir dann Erkl\u00e4rungen generieren. Wir trivialisieren einen &#8220;Untersuchungsgegenstand&#8221; zu fr\u00fch in Form von Modelle, untersuchen dann die Modelle, gewinnen Erkenntnis auf Basis dieser Modelle und st\u00fclpen diese Erkenntnisse dann den &#8220;originalen Untersuchungsgegenst\u00e4nden&#8221; \u00fcber.<\/p>\n<p>Im toten Bereich kann man diesen Vorgang ja gerne durchf\u00fchren, aber eben nicht im Bereich der Lebendigkeit. Ein Beispiel daf\u00fcr gef\u00e4llig? Nehmen Sie gerne die bekannten <a href=\"http:\/\/www.common-sense-blogging.de\/ich-bin-kein-humankapital-punkt\/\">Methoden und Tools im Bereich Personalmanagement in Unternehmen<\/a>.<\/p>\n<p>Goethe reflektiert \u00e4hnlich wie Gruen den Fakt, dass wir Denken erst dann als Denken ansehen, wenn dieses abstrakt ist und damit weit entfernt ist von dem, wor\u00fcber nachgedacht wird. Im Bereich der Lebendigkeit bedeutet diese Pr\u00e4misse nat\u00fcrlich Entmenschlichung. Logisch, oder?<\/p>\n<p>Ein gutes Beispiel sind hier die Forschungen rund um K\u00fcnstliche Intelligenz. Irgendwann einmal hatten wir den Drang \u00fcber Intelligenz mehr zu erfahren. Dann haben wir diese objektiviert und damit trivialisiert, womit wir ab diesem Zeitpunkt nur noch \u00fcber dieses abstrakte Ding von Intelligenz nachdenken. Wir k\u00f6nnen Intelligenz ja messen. Daf\u00fcr haben wir verschiedene Tests entwickelt. Wir haben aber noch nicht verstanden, was Intelligenz \u00fcberhaupt bedeutet und wie diese entsteht, wollen diese aber nachbauen. Egal, wir k\u00f6nnen sie ja messen. Schlimmer noch. Wir glauben, und das sagen viele KI-Forscher, dass wir auf Basis der von uns erschaffenen k\u00fcnstlichen Intelligenz, die menschliche Intelligenz besser verstehen werden. Durchdenkt man diese Worte sehr tiefgr\u00fcndig, kommt man schnell auf den Fehler, oder? Vor allem aber erkennt man den Teufelskreis, dem wir in unserem derzeitigen Denkrahmen erlegen sind.<\/p>\n<p>Falls Sie mehr zu den Ideen und Gedanken von Goethe erfahren m\u00f6chten, die er sich im Kontext Erweiterung des Aristotelischen Denkrahmens gemacht hat, k\u00f6nnen Sie gerne <a href=\"http:\/\/www.klaus-frisch.de\/html\/goetheanismus.html\">hier<\/a> nachforschen.<\/p>\n<p>Ergebnis dieser Gedanken war ja unter anderem auch die <a href=\"http:\/\/www.klaus-frisch.de\/html\/goethe-newton.html\">Auseinandersetzung, die er mit Newton im Bereich der Optik hatte<\/a>. Klar, weil sie in unterschiedlichen Denkrahmen agierten, kamen sie zu unterschiedlichen Ergebnissen, die nicht miteinander vereinbar waren.<\/p>\n<p>Ich habe Ihnen in diesem letzten Abschnitt einige Beispiele und Links zu weiterf\u00fchrender Lekt\u00fcre angereicht, da ich denke, dass man sich dem Thema &#8220;Denkrahmen&#8221; aus vielen verschiedenen Richtungen n\u00e4hern sollte. Logisch, denn wir denken \u00fcber diese geschriebenen Zeilen ja auch in unserem derzeitig vorherrschenden Aristotelischen Denkrahmen nach. Hier muss man also den blinden Fleck beachten, dem man sich ganz behutsam n\u00e4hern sollte.<\/p>\n<p>Ich h\u00e4tte an dieser Stelle auch viele <a href=\"http:\/\/blog-conny-dethloff.de\/?page_id=2911\">andere Vertreter, wie Gerald H\u00fcther, Gotthard Guenther, Stafford Beer, Hans-Peter D\u00fcrr u.a.<\/a>, nennen k\u00f6nnen, die mich in diesem Zusammenhang immer wieder zum Denken und Reflektieren anregen. Das w\u00fcrde diesen Beitrag aber in L\u00e4nge und Inhalt sprengen.<\/p>\n<h3><span style=\"color: #6666ff;\">Fazit<\/span><\/h3>\n<p>Ich verteufele die Digitalisierung nicht an sich. Ich bin nur der festen \u00dcberzeugung, dass wir auf der digitalen Reise einen Irrweg eingeschlagen haben, den wir nur verlassen k\u00f6nnen, wenn wir unseren Aristotelischen Denkrahmen erweitern.<\/p>\n<p>Maschinen konstruieren und entwerfen wir im Aristotelischen Denkrahmen. Das geht auch nicht anders, da so nun einmal unsere Computer funktionieren, &#8220;0&#8221; oder &#8220;1&#8221;. Wir Menschen sind aber zu viel mehr im Stande als der Aristotelische Denkrahmen zul\u00e4sst. Wie gesagt, dieser funktioniert ausschlie\u00dflich in der materiellen Welt, nicht in der geistigen. Wir konditionieren uns im Rahmen der Digitalisierung aber wie ausgef\u00fchrt auf den Aristotelischen Denkrahmen und minimieren damit unseren Potentialraum, was dazu f\u00fchrt, dass wir abstumpfen und uns den Maschinen &#8220;nach unten&#8221; ann\u00e4hern. Nicht die Maschinen n\u00e4hern sich den Menschen &#8220;nach oben an&#8221;.<\/p>\n<p>Wollen wir das zulassen?<\/p>\n<span id=\"post-ratings-3511\" class=\"post-ratings\" data-nonce=\"0f353fa87f\"><img decoding=\"async\" id=\"rating_3511_1\" src=\"https:\/\/blog-conny-dethloff.de\/wp-content\/plugins\/wp-postratings\/images\/stars\/rating_on.gif\" alt=\"1 Star\" title=\"1 Star\" onmouseover=\"current_rating(3511, 1, '1 Star');\" onmouseout=\"ratings_off(5, 0, 0);\" onclick=\"rate_post();\" onkeypress=\"rate_post();\" style=\"cursor: pointer; border: 0px;\" \/><img decoding=\"async\" id=\"rating_3511_2\" src=\"https:\/\/blog-conny-dethloff.de\/wp-content\/plugins\/wp-postratings\/images\/stars\/rating_on.gif\" alt=\"2 Stars\" title=\"2 Stars\" onmouseover=\"current_rating(3511, 2, '2 Stars');\" onmouseout=\"ratings_off(5, 0, 0);\" onclick=\"rate_post();\" onkeypress=\"rate_post();\" style=\"cursor: pointer; border: 0px;\" \/><img decoding=\"async\" id=\"rating_3511_3\" src=\"https:\/\/blog-conny-dethloff.de\/wp-content\/plugins\/wp-postratings\/images\/stars\/rating_on.gif\" alt=\"3 Stars\" title=\"3 Stars\" onmouseover=\"current_rating(3511, 3, '3 Stars');\" onmouseout=\"ratings_off(5, 0, 0);\" onclick=\"rate_post();\" onkeypress=\"rate_post();\" style=\"cursor: pointer; border: 0px;\" \/><img decoding=\"async\" id=\"rating_3511_4\" src=\"https:\/\/blog-conny-dethloff.de\/wp-content\/plugins\/wp-postratings\/images\/stars\/rating_on.gif\" alt=\"4 Stars\" title=\"4 Stars\" onmouseover=\"current_rating(3511, 4, '4 Stars');\" onmouseout=\"ratings_off(5, 0, 0);\" onclick=\"rate_post();\" onkeypress=\"rate_post();\" style=\"cursor: pointer; border: 0px;\" \/><img decoding=\"async\" id=\"rating_3511_5\" src=\"https:\/\/blog-conny-dethloff.de\/wp-content\/plugins\/wp-postratings\/images\/stars\/rating_on.gif\" alt=\"5 Stars\" title=\"5 Stars\" onmouseover=\"current_rating(3511, 5, '5 Stars');\" onmouseout=\"ratings_off(5, 0, 0);\" onclick=\"rate_post();\" onkeypress=\"rate_post();\" style=\"cursor: pointer; border: 0px;\" \/> (<strong>7<\/strong> Bewertung(en), Durchschnitt: <strong>5.00<\/strong> von 5)<br \/><span class=\"post-ratings-text\" id=\"ratings_3511_text\"><\/span><\/span><span id=\"post-ratings-3511-loading\" class=\"post-ratings-loading\"><img loading=\"lazy\" decoding=\"async\" src=\"https:\/\/blog-conny-dethloff.de\/wp-content\/plugins\/wp-postratings\/images\/loading.gif\" width=\"16\" height=\"16\" class=\"post-ratings-image\" \/>Loading...<\/span>\n","protected":false},"excerpt":{"rendered":"<p>Im Rahmen des PM Camps in Berlin, welches vom 29.09. bis 01.10.2016 stattfindet, wurde eine Blogparade mit dem Titel DIGITALISIERUNG \u2013 in Projekten und dar\u00fcber hinaus \u2026 gestartet. Ich zitiere aus der Einladung zu dieser Blogparade. Beim PM Camp Berlin &hellip; <a href=\"https:\/\/blog-conny-dethloff.de\/?p=3511\">Continue reading <span class=\"meta-nav\">&rarr;<\/span><\/a><\/p>\n","protected":false},"author":1,"featured_media":0,"comment_status":"open","ping_status":"open","sticky":false,"template":"","format":"standard","meta":{"footnotes":""},"categories":[1,5,16,6],"tags":[82,84,39,45,44,9],"class_list":["post-3511","post","type-post","status-publish","format-standard","hentry","category-allgemein","category-denken","category-management-und-leadership","category-okonomie","tag-blogparade","tag-denken","tag-kunstliche-intelligenz","tag-kybernetik","tag-leadership","tag-okonomie-2"],"jetpack_featured_media_url":"","_links":{"self":[{"href":"https:\/\/blog-conny-dethloff.de\/index.php?rest_route=\/wp\/v2\/posts\/3511","targetHints":{"allow":["GET"]}}],"collection":[{"href":"https:\/\/blog-conny-dethloff.de\/index.php?rest_route=\/wp\/v2\/posts"}],"about":[{"href":"https:\/\/blog-conny-dethloff.de\/index.php?rest_route=\/wp\/v2\/types\/post"}],"author":[{"embeddable":true,"href":"https:\/\/blog-conny-dethloff.de\/index.php?rest_route=\/wp\/v2\/users\/1"}],"replies":[{"embeddable":true,"href":"https:\/\/blog-conny-dethloff.de\/index.php?rest_route=%2Fwp%2Fv2%2Fcomments&post=3511"}],"version-history":[{"count":9,"href":"https:\/\/blog-conny-dethloff.de\/index.php?rest_route=\/wp\/v2\/posts\/3511\/revisions"}],"predecessor-version":[{"id":3520,"href":"https:\/\/blog-conny-dethloff.de\/index.php?rest_route=\/wp\/v2\/posts\/3511\/revisions\/3520"}],"wp:attachment":[{"href":"https:\/\/blog-conny-dethloff.de\/index.php?rest_route=%2Fwp%2Fv2%2Fmedia&parent=3511"}],"wp:term":[{"taxonomy":"category","embeddable":true,"href":"https:\/\/blog-conny-dethloff.de\/index.php?rest_route=%2Fwp%2Fv2%2Fcategories&post=3511"},{"taxonomy":"post_tag","embeddable":true,"href":"https:\/\/blog-conny-dethloff.de\/index.php?rest_route=%2Fwp%2Fv2%2Ftags&post=3511"}],"curies":[{"name":"wp","href":"https:\/\/api.w.org\/{rel}","templated":true}]}}