{"id":3363,"date":"2015-12-30T09:41:51","date_gmt":"2015-12-30T08:41:51","guid":{"rendered":"http:\/\/blog-conny-dethloff.de\/?p=3363"},"modified":"2015-12-30T09:41:51","modified_gmt":"2015-12-30T08:41:51","slug":"mein-personlicher-ruckblick-auf-das-jahr-2015","status":"publish","type":"post","link":"https:\/\/blog-conny-dethloff.de\/?p=3363","title":{"rendered":"Mein pers\u00f6nlicher R\u00fcckblick auf das Jahr 2015"},"content":{"rendered":"<p>Nun ist wieder ein Jahr ins Land gezogen. Das gilt auch f\u00fcr meine pers\u00f6nliche Reise des Verstehens, welche ich kurz in einem Jahresr\u00fcckblick reflektieren m\u00f6chte. Details kann man \u00fcber einen Klick auf die unten stehende Abbildung einsehen.<\/p>\n<p><a href=\"http:\/\/jetpack.me\/annual-report\/62171303\/2015\/\" rel=\"attachment wp-att-3367\"><img loading=\"lazy\" decoding=\"async\" class=\"aligncenter wp-image-3367 size-full\" src=\"http:\/\/blog-conny-dethloff.de\/wp-content\/uploads\/2015\/12\/Jahresr\u00fcckblick-2015.png\" alt=\"Jahresr\u00fcckblick 2015\" width=\"590\" height=\"261\" srcset=\"https:\/\/blog-conny-dethloff.de\/wp-content\/uploads\/2015\/12\/Jahresr\u00fcckblick-2015.png 590w, https:\/\/blog-conny-dethloff.de\/wp-content\/uploads\/2015\/12\/Jahresr\u00fcckblick-2015-300x133.png 300w\" sizes=\"auto, (max-width: 590px) 100vw, 590px\" \/><\/a><\/p>\n<p>Meine Ideen und Gedanken spiegelten in diesem Jahr ganz besonders eine Fragestellung.<\/p>\n<blockquote><p>Wie denken und handeln wir Menschen bestm\u00f6glich in einem Team ZUSAMMEN, um das in dem jeweiligen Kontext bestm\u00f6gliche Ergebnis zu erzielen?<\/p><\/blockquote>\n<p>Aber dazu gleich mehr. Am Anfang ein paar Zahlen. Mein Logbuch wurde in diesem Jahr 25.000 mal besucht. Im vergangenen Jahr waren es noch 11.000 Besuche. Diese Steigerung freut mich nat\u00fcrlich ganz besonders. \ud83d\ude42<\/p>\n<p>Mit 275 Besuchern war der 25. Februar der gesch\u00e4ftigste Tag des Jahres. Just an diesem Tag ich habe meinen Post <a href=\"http:\/\/blog-conny-dethloff.de\/?p=3016\">Der blinde Fleck in den Diskussionen rund um F\u00fchrung und Zusammenarbeit<\/a> live geschaltet, mit dem ich den Startschuss in meine \u00dcberlegungen in die oben gestellte Fragestellung zu einem neuen Zusammenarbeitsmodell gegeben habe. Gem\u00fcndet sind diese \u00dcberlegungen dann in die erste Etappe, die in Summe <a href=\"http:\/\/blog-conny-dethloff.de\/?p=3131\">5 Posts<\/a> und ein <a href=\"http:\/\/blog-conny-dethloff.de\/wp-content\/uploads\/2015\/08\/Digitalisierung-in-Unternehmen-Das-neue-Modell-im-Kontext-F\u00fchrung.pdf\">Diskussionspapier<\/a> beinhaltet.<\/p>\n<p>Fortgef\u00fchrt habe ich diese Denkinhalte dann in \u00dcberlegungen zur Gestaltung von <a href=\"http:\/\/blog-conny-dethloff.de\/?p=3341\">End-to-End Prozessen in Unternehmen<\/a>, die ich im kommenden Jahr fortf\u00fchren werde.<\/p>\n<p>Eine Frage kristallisierte sich in diesem Jahr f\u00fcr mich ganz besonders heraus.<\/p>\n<blockquote><p>Warum glauben wir eigentlich, mit einem Modell der Zusammenarbeit, welches vor \u00fcber 100 Jahren entstanden ist, Herausforderungen der heutigen Zeit, die wir mit unserem technologischen Fortschritt teilweise selbst generiert haben, begegnen zu k\u00f6nnen?<\/p><\/blockquote>\n<p>Hier ist aus meiner Sicht viel mehr Demut angesagt. Wir m\u00fcssen unsere Arroganz gegen\u00fcber unserer Umwelt, der Natur, schnellstens ablegen. Wie kommen wir eigentlich dazu, beispielsweise die Urv\u00f6lker Australiens als primitiv zu bezeichnen, wo doch gerade wir es sind, die trotz unseres technologischen Fortschritts unsere Lebensbasis auf der Erde immer mehr gef\u00e4hrden?<\/p>\n<p>Gerade in diesem Zusammenhang ist eine komplett andere Geisteshaltung und Denkweise gefragt.<\/p>\n<p>Deshalb hat es mich auch ganz besonders gefreut, dass mein Post <a href=\"http:\/\/blog-conny-dethloff.de\/?p=236\">Wie kommt man von der Kybernetik erster Ordnung zur Kybernetik zweiter Ordnung, und wozu?<\/a> der meist gelesene Artikel in diesem Jahr war und auch im Gesamtranking aller Posts die Spitzenposition \u00fcbernommen hat.<\/p>\n<p>Oder das der Artikel <a href=\"http:\/\/blog-conny-dethloff.de\/?p=2979\">Unser Denkrahmen hat sich seit dem Mittelalter nicht weiter entwickelt<\/a> der meist kommentierte in diesem Jahr war.<\/p>\n<p>Ich hoffe, dass wir sehr schnell lernen, unseren technologischen Fortschritt im Sinne des Menschen einzusetzen und nicht gegen ihn. Hierbei d\u00fcrfen wir aber nicht den Fehler begehen, Erkenntnisse aus der &#8220;toten Welt&#8221; in die &#8220;lebendige&#8221; \u00fcbertragen zu wollen, um einen Kategorienfehler zwischen Kompliziertheit und Komplexit\u00e4t zu unterlassen. Diese Idee werde ich in den kommenden Beitr\u00e4gen zu End-to-End Prozessen detailliert ausf\u00fchren.<\/p>\n<p>In diesem Sinne w\u00fcnsche ich allen Lesern und Begleitern auf meiner Reise des Verstehens einen guten Rutsch ins neue Jahr.<\/p>\n<span id=\"post-ratings-3363\" class=\"post-ratings\" data-nonce=\"989f20dc8d\"><img decoding=\"async\" id=\"rating_3363_1\" src=\"https:\/\/blog-conny-dethloff.de\/wp-content\/plugins\/wp-postratings\/images\/stars\/rating_off.gif\" alt=\"1 Star\" title=\"1 Star\" onmouseover=\"current_rating(3363, 1, '1 Star');\" onmouseout=\"ratings_off(0, 0, 0);\" onclick=\"rate_post();\" onkeypress=\"rate_post();\" style=\"cursor: pointer; border: 0px;\" \/><img decoding=\"async\" id=\"rating_3363_2\" src=\"https:\/\/blog-conny-dethloff.de\/wp-content\/plugins\/wp-postratings\/images\/stars\/rating_off.gif\" alt=\"2 Stars\" title=\"2 Stars\" onmouseover=\"current_rating(3363, 2, '2 Stars');\" onmouseout=\"ratings_off(0, 0, 0);\" onclick=\"rate_post();\" onkeypress=\"rate_post();\" style=\"cursor: pointer; border: 0px;\" \/><img decoding=\"async\" id=\"rating_3363_3\" src=\"https:\/\/blog-conny-dethloff.de\/wp-content\/plugins\/wp-postratings\/images\/stars\/rating_off.gif\" alt=\"3 Stars\" title=\"3 Stars\" onmouseover=\"current_rating(3363, 3, '3 Stars');\" onmouseout=\"ratings_off(0, 0, 0);\" onclick=\"rate_post();\" onkeypress=\"rate_post();\" style=\"cursor: pointer; border: 0px;\" \/><img decoding=\"async\" id=\"rating_3363_4\" src=\"https:\/\/blog-conny-dethloff.de\/wp-content\/plugins\/wp-postratings\/images\/stars\/rating_off.gif\" alt=\"4 Stars\" title=\"4 Stars\" onmouseover=\"current_rating(3363, 4, '4 Stars');\" onmouseout=\"ratings_off(0, 0, 0);\" onclick=\"rate_post();\" onkeypress=\"rate_post();\" style=\"cursor: pointer; border: 0px;\" \/><img decoding=\"async\" id=\"rating_3363_5\" src=\"https:\/\/blog-conny-dethloff.de\/wp-content\/plugins\/wp-postratings\/images\/stars\/rating_off.gif\" alt=\"5 Stars\" title=\"5 Stars\" onmouseover=\"current_rating(3363, 5, '5 Stars');\" onmouseout=\"ratings_off(0, 0, 0);\" onclick=\"rate_post();\" onkeypress=\"rate_post();\" style=\"cursor: pointer; border: 0px;\" \/> (Keine Bewertungen bislang. Geben Sie doch die erste ab.)<br \/><span class=\"post-ratings-text\" id=\"ratings_3363_text\"><\/span><\/span><span id=\"post-ratings-3363-loading\" class=\"post-ratings-loading\"><img loading=\"lazy\" decoding=\"async\" src=\"https:\/\/blog-conny-dethloff.de\/wp-content\/plugins\/wp-postratings\/images\/loading.gif\" width=\"16\" height=\"16\" class=\"post-ratings-image\" \/>Loading...<\/span>\n","protected":false},"excerpt":{"rendered":"<p>Nun ist wieder ein Jahr ins Land gezogen. Das gilt auch f\u00fcr meine pers\u00f6nliche Reise des Verstehens, welche ich kurz in einem Jahresr\u00fcckblick reflektieren m\u00f6chte. Details kann man \u00fcber einen Klick auf die unten stehende Abbildung einsehen. Meine Ideen und &hellip; <a href=\"https:\/\/blog-conny-dethloff.de\/?p=3363\">Continue reading <span class=\"meta-nav\">&rarr;<\/span><\/a><\/p>\n","protected":false},"author":1,"featured_media":0,"comment_status":"open","ping_status":"open","sticky":false,"template":"","format":"standard","meta":{"footnotes":""},"categories":[6],"tags":[41,84,91],"class_list":["post-3363","post","type-post","status-publish","format-standard","hentry","category-okonomie","tag-change","tag-denken","tag-jahresruckblick"],"jetpack_featured_media_url":"","_links":{"self":[{"href":"https:\/\/blog-conny-dethloff.de\/index.php?rest_route=\/wp\/v2\/posts\/3363","targetHints":{"allow":["GET"]}}],"collection":[{"href":"https:\/\/blog-conny-dethloff.de\/index.php?rest_route=\/wp\/v2\/posts"}],"about":[{"href":"https:\/\/blog-conny-dethloff.de\/index.php?rest_route=\/wp\/v2\/types\/post"}],"author":[{"embeddable":true,"href":"https:\/\/blog-conny-dethloff.de\/index.php?rest_route=\/wp\/v2\/users\/1"}],"replies":[{"embeddable":true,"href":"https:\/\/blog-conny-dethloff.de\/index.php?rest_route=%2Fwp%2Fv2%2Fcomments&post=3363"}],"version-history":[{"count":8,"href":"https:\/\/blog-conny-dethloff.de\/index.php?rest_route=\/wp\/v2\/posts\/3363\/revisions"}],"predecessor-version":[{"id":3374,"href":"https:\/\/blog-conny-dethloff.de\/index.php?rest_route=\/wp\/v2\/posts\/3363\/revisions\/3374"}],"wp:attachment":[{"href":"https:\/\/blog-conny-dethloff.de\/index.php?rest_route=%2Fwp%2Fv2%2Fmedia&parent=3363"}],"wp:term":[{"taxonomy":"category","embeddable":true,"href":"https:\/\/blog-conny-dethloff.de\/index.php?rest_route=%2Fwp%2Fv2%2Fcategories&post=3363"},{"taxonomy":"post_tag","embeddable":true,"href":"https:\/\/blog-conny-dethloff.de\/index.php?rest_route=%2Fwp%2Fv2%2Ftags&post=3363"}],"curies":[{"name":"wp","href":"https:\/\/api.w.org\/{rel}","templated":true}]}}