{"id":2992,"date":"2015-01-29T07:42:21","date_gmt":"2015-01-29T06:42:21","guid":{"rendered":"http:\/\/blog-conny-dethloff.de\/?p=2992"},"modified":"2015-01-29T07:46:21","modified_gmt":"2015-01-29T06:46:21","slug":"kurzer-ruckblick-auf-die-process-excellence-konferenz-in-bonn","status":"publish","type":"post","link":"https:\/\/blog-conny-dethloff.de\/?p=2992","title":{"rendered":"Kurzer R\u00fcckblick auf die Process Excellence Konferenz in Bonn"},"content":{"rendered":"<p>Gestern Abend bin ich mit spannenden und erkenntnisreichen Eindr\u00fccken vom <a href=\"http:\/\/www.pex-network.de\/\">3. Jahresforum PEX-Process Excellence Woche DACH 2015<\/a> aus Bonn Heimgekehrt. Grunds\u00e4tzlich ging es auf der Konferenz um die Fragestellung, wie sich Unternehmen flexibel und agil auf die immer gr\u00f6\u00dfer werdende Komplexit\u00e4t des Marktes einstellen k\u00f6nnen und in wie weit dabei Business Process Modelling helfen kann.<\/p>\n<p>Ich hatte zwei aktive Parts auf der Konferenz.<\/p>\n<h3> Roundtable &#8220;Business drives IT &#8211; nicht auch umgekehrt?&#8221; <\/h3>\n<p><a href=\"http:\/\/blog-conny-dethloff.de\/wp-content\/uploads\/2015\/01\/PEX-Roundtable.jpg\"><img loading=\"lazy\" decoding=\"async\" src=\"http:\/\/blog-conny-dethloff.de\/wp-content\/uploads\/2015\/01\/PEX-Roundtable-150x150.jpg\" alt=\"PEX-Roundtable\" width=\"150\" height=\"150\" class=\"alignleft size-thumbnail wp-image-2995\" \/><\/a><\/p>\n<p>Diesen Roundtable habe ich zusammen mit Sven Schn\u00e4gelberger und Gunnar Obst moderiert. Wir haben \u00fcber die Interaktion, oder besser die sehr oft von uns wahrgenommen fehlende Interaktion zwischen IT und Business diskutiert. Es war sehr spannend und erkenntnisreich f\u00fcr mich. Im Fazit haben wir heraus kristallisiert, dass sehr h\u00e4ufig ein unzureichend gegenseitiges Verst\u00e4ndnis f\u00fcr einander zu beobachten ist.<\/p>\n<p>IT versteht Business nicht und Business versteht IT nicht. Fehlt es an einer gemeinsamen Sprache oder an einer gemeinsamen Geisteshaltung? Wohl Beides. <\/p>\n<p>Was nehme ich pers\u00f6nlich wahr und habe auch eingebracht? IT treibt in der Regel das Business. Umgekehrt ist es von mir seltener zu beobachten. Auch wenn das Business das wohl eher nicht wahrhaben m\u00f6chte. Viele Themen bearbeiten wir, weil wir es aus IT Gesichtspunkten schlichtweg k\u00f6nnen, nicht weil wir in erster Linie einen gro\u00dfen Mehrwert daf\u00fcr im Business erkennen k\u00f6nnen. Diese vielleicht provokante These reflektierte ich auch in meinem Vortrag am Nachmittag im Kontext Big Data.<\/p>\n<p>Des Weiteren habe ich in der Runde die provokante Frage aufgeworfen, warum wir eigentlich IT und Business so scharf trennen. Der Kunde sieht das Unternehmen stets als Ganzes. Stellen wir den Kunden in den Fokus, was sehr h\u00e4ufig von Unternehmensseite propagiert wird, sollten wir das dann nicht auch tun? Warum machen wir im Unternehmen stets diese Trennung? Weil wir Komplexit\u00e4t reduzieren m\u00f6chten. Denke ich zumindest. Diese Trennung ist von uns k\u00fcnstlich erhoben worden, f\u00fchrt aber dazu, dass die Agilit\u00e4t und Flexibilit\u00e4t von Unternehmen gemindert wird. <\/p>\n<h3> Vortrag &#8220;Process Excellence bei personalisierten Marketingstrategien &#8211; Die Realtime Big Data Architektur @ OTTO&#8221; <\/h3>\n<p><a href=\"http:\/\/blog-conny-dethloff.de\/wp-content\/uploads\/2015\/01\/PEX_Vortrag.jpg\"><img loading=\"lazy\" decoding=\"async\" src=\"http:\/\/blog-conny-dethloff.de\/wp-content\/uploads\/2015\/01\/PEX_Vortrag-150x150.jpg\" alt=\"PEX_Vortrag\" width=\"150\" height=\"150\" class=\"alignleft size-thumbnail wp-image-2997\" \/><\/a><\/p>\n<p>Hierzu m\u00f6chte ich im Rahmen dieses Posts gar nicht so viel sagen. In der nahen Zukunft werde ich mein Vortragsmanuskript hier in meinem Logbuch der Reise des Verstehens zur Verf\u00fcgung stellen. Nur so viel vorab.<\/p>\n<p>Ich habe auf der Konferenz sehr viel \u00fcber Komplexit\u00e4t geh\u00f6rt und davon, dass Unternehmen diese reduzieren sollten. Ich habe meinen Vortrag mit einer provokanten These er\u00f6ffnet. F\u00fcr mich bedeutet Process Excellence eben nicht Komplexit\u00e4t zu reduzieren, sondern diese erst einmal <a href=\"http:\/\/blog-conny-dethloff.de\/?p=1046\">differenziert zu betrachten<\/a>. Reden wir \u00fcber die Komplexit\u00e4t des Marktes, aus Sicht des Unternehmens damit \u00fcber die Fremdkomplexit\u00e4t, oder reden wir \u00fcber die Komplexit\u00e4t des eigenen Unternehmens, und damit \u00fcber die Eigenkomplexit\u00e4t? Die Komplexit\u00e4t des Marktes steigt stetig. Das kann man in vielen Ver\u00f6ffentlichungen und Vortr\u00e4gen h\u00f6ren. Soll daraufhin ein Unternehmen seine eigene Komplexit\u00e4t reduzieren? Ich denke wohl eher nicht. Diese These habe ich unter anderem in meinem Vortrag praktisch untermauern versucht. <\/p>\n<p>Anbei aber schon einmal die Folien meines Vortrages. <\/p>\n<p><iframe loading=\"lazy\" src=\"\/\/www.slideshare.net\/slideshow\/embed_code\/44024117\" width=\"450\" height=\"400\" frameborder=\"0\" marginwidth=\"0\" marginheight=\"0\" scrolling=\"no\"><\/iframe><\/p>\n<span id=\"post-ratings-2992\" class=\"post-ratings\" data-nonce=\"6962842cb3\"><img decoding=\"async\" id=\"rating_2992_1\" src=\"https:\/\/blog-conny-dethloff.de\/wp-content\/plugins\/wp-postratings\/images\/stars\/rating_off.gif\" alt=\"1 Star\" title=\"1 Star\" onmouseover=\"current_rating(2992, 1, '1 Star');\" onmouseout=\"ratings_off(0, 0, 0);\" onclick=\"rate_post();\" onkeypress=\"rate_post();\" style=\"cursor: pointer; border: 0px;\" \/><img decoding=\"async\" id=\"rating_2992_2\" src=\"https:\/\/blog-conny-dethloff.de\/wp-content\/plugins\/wp-postratings\/images\/stars\/rating_off.gif\" alt=\"2 Stars\" title=\"2 Stars\" onmouseover=\"current_rating(2992, 2, '2 Stars');\" onmouseout=\"ratings_off(0, 0, 0);\" onclick=\"rate_post();\" onkeypress=\"rate_post();\" style=\"cursor: pointer; border: 0px;\" \/><img decoding=\"async\" id=\"rating_2992_3\" src=\"https:\/\/blog-conny-dethloff.de\/wp-content\/plugins\/wp-postratings\/images\/stars\/rating_off.gif\" alt=\"3 Stars\" title=\"3 Stars\" onmouseover=\"current_rating(2992, 3, '3 Stars');\" onmouseout=\"ratings_off(0, 0, 0);\" onclick=\"rate_post();\" onkeypress=\"rate_post();\" style=\"cursor: pointer; border: 0px;\" \/><img decoding=\"async\" id=\"rating_2992_4\" src=\"https:\/\/blog-conny-dethloff.de\/wp-content\/plugins\/wp-postratings\/images\/stars\/rating_off.gif\" alt=\"4 Stars\" title=\"4 Stars\" onmouseover=\"current_rating(2992, 4, '4 Stars');\" onmouseout=\"ratings_off(0, 0, 0);\" onclick=\"rate_post();\" onkeypress=\"rate_post();\" style=\"cursor: pointer; border: 0px;\" \/><img decoding=\"async\" id=\"rating_2992_5\" src=\"https:\/\/blog-conny-dethloff.de\/wp-content\/plugins\/wp-postratings\/images\/stars\/rating_off.gif\" alt=\"5 Stars\" title=\"5 Stars\" onmouseover=\"current_rating(2992, 5, '5 Stars');\" onmouseout=\"ratings_off(0, 0, 0);\" onclick=\"rate_post();\" onkeypress=\"rate_post();\" style=\"cursor: pointer; border: 0px;\" \/> (Keine Bewertungen bislang. Geben Sie doch die erste ab.)<br \/><span class=\"post-ratings-text\" id=\"ratings_2992_text\"><\/span><\/span><span id=\"post-ratings-2992-loading\" class=\"post-ratings-loading\"><img loading=\"lazy\" decoding=\"async\" src=\"https:\/\/blog-conny-dethloff.de\/wp-content\/plugins\/wp-postratings\/images\/loading.gif\" width=\"16\" height=\"16\" class=\"post-ratings-image\" \/>Loading...<\/span>\n","protected":false},"excerpt":{"rendered":"<p>Gestern Abend bin ich mit spannenden und erkenntnisreichen Eindr\u00fccken vom 3. Jahresforum PEX-Process Excellence Woche DACH 2015 aus Bonn Heimgekehrt. Grunds\u00e4tzlich ging es auf der Konferenz um die Fragestellung, wie sich Unternehmen flexibel und agil auf die immer gr\u00f6\u00dfer werdende &hellip; <a href=\"https:\/\/blog-conny-dethloff.de\/?p=2992\">Continue reading <span class=\"meta-nav\">&rarr;<\/span><\/a><\/p>\n","protected":false},"author":1,"featured_media":0,"comment_status":"open","ping_status":"open","sticky":false,"template":"","format":"standard","meta":{"footnotes":""},"categories":[24,16],"tags":[19,87,67],"class_list":["post-2992","post","type-post","status-publish","format-standard","hentry","category-komplexitat","category-management-und-leadership","tag-business-intelligence","tag-komplexitat","tag-veranstaltungen"],"jetpack_featured_media_url":"","_links":{"self":[{"href":"https:\/\/blog-conny-dethloff.de\/index.php?rest_route=\/wp\/v2\/posts\/2992","targetHints":{"allow":["GET"]}}],"collection":[{"href":"https:\/\/blog-conny-dethloff.de\/index.php?rest_route=\/wp\/v2\/posts"}],"about":[{"href":"https:\/\/blog-conny-dethloff.de\/index.php?rest_route=\/wp\/v2\/types\/post"}],"author":[{"embeddable":true,"href":"https:\/\/blog-conny-dethloff.de\/index.php?rest_route=\/wp\/v2\/users\/1"}],"replies":[{"embeddable":true,"href":"https:\/\/blog-conny-dethloff.de\/index.php?rest_route=%2Fwp%2Fv2%2Fcomments&post=2992"}],"version-history":[{"count":15,"href":"https:\/\/blog-conny-dethloff.de\/index.php?rest_route=\/wp\/v2\/posts\/2992\/revisions"}],"predecessor-version":[{"id":3009,"href":"https:\/\/blog-conny-dethloff.de\/index.php?rest_route=\/wp\/v2\/posts\/2992\/revisions\/3009"}],"wp:attachment":[{"href":"https:\/\/blog-conny-dethloff.de\/index.php?rest_route=%2Fwp%2Fv2%2Fmedia&parent=2992"}],"wp:term":[{"taxonomy":"category","embeddable":true,"href":"https:\/\/blog-conny-dethloff.de\/index.php?rest_route=%2Fwp%2Fv2%2Fcategories&post=2992"},{"taxonomy":"post_tag","embeddable":true,"href":"https:\/\/blog-conny-dethloff.de\/index.php?rest_route=%2Fwp%2Fv2%2Ftags&post=2992"}],"curies":[{"name":"wp","href":"https:\/\/api.w.org\/{rel}","templated":true}]}}