{"id":2709,"date":"2013-09-24T09:58:43","date_gmt":"2013-09-24T08:58:43","guid":{"rendered":"http:\/\/blog-conny-dethloff.de\/?p=2709"},"modified":"2013-09-24T09:59:52","modified_gmt":"2013-09-24T08:59:52","slug":"mooc-management-2-0-was-bedeutet-management-2-0","status":"publish","type":"post","link":"https:\/\/blog-conny-dethloff.de\/?p=2709","title":{"rendered":"MOOC \u201eManagement 2.0\u201c \u2013 Was bedeutet Management 2.0?"},"content":{"rendered":"<p><a href=\"http:\/\/blog-conny-dethloff.de\/wp-content\/uploads\/2013\/09\/mgmt20aufkleber-250.gif\"><img loading=\"lazy\" decoding=\"async\" class=\"alignleft  wp-image-2691\" alt=\"mgmt20aufkleber-250\" src=\"http:\/\/blog-conny-dethloff.de\/wp-content\/uploads\/2013\/09\/mgmt20aufkleber-250.gif\" width=\"162\" height=\"162\" \/><\/a><\/p>\n<p>Ich habe in meinem gestrigen Post <a href=\"http:\/\/blog-conny-dethloff.de\/?p=2690\">MOOC zum Thema \u201eManagement 2.0\u201c<\/a> das derzeit stattfindende MOOC bereits vorgestellt. Der MOOC tr\u00e4gt im Titel den Begriff \u201eManagement 2.0\u201c. Wissen Sie was sich dahinter verbirgt? Genau dar\u00fcber haben wir in unserem ersten Google+ HoA (Hangout on Air) am letzten Sonntag im Rahmen unserer <a href=\"https:\/\/plus.google.com\/u\/0\/communities\/105024805409796370116\/stream\/6bf6ff4a-177c-48be-8a78-1c282e3b932e\">Google Community zu diesem MOOC<\/a> diskutiert. Da ist dann auch die Idee geboren, diesen Begriff zu konkretisieren. Ich m\u00f6chte eine Ann\u00e4herung einer Begriffsdeutung mit diesem Post vollziehen.<\/p>\n<p>Im Rahmen der Diskussion im Google+ HoA wurde eine Analogie zur Kybernetik zweiter Ordnung gezogen. Kann man Management 2.0 vielleicht als Management zweiter Ordnung betrachten, quasi als Management des Managements? Ich denke schon, was ich im ersten Teil dieses Posts auch ausf\u00fchren m\u00f6chte.<\/p>\n<p>Was findet man auf <a href=\"http:\/\/de.wikipedia.org\/wiki\/Management\">Wikipedia zum Begriff Management<\/a>? Dort steht das Folgende.<\/p>\n<blockquote><p>Die etymologische Wurzel des Begriffs Management ist nicht vollst\u00e4ndig gekl\u00e4rt. Als m\u00f6gliche Wurzeln kommen in Frage lateinisch manus agere, \u201ean der Hand f\u00fchren\u201c oder \u201emansionem agere\u201c, &#8230;<\/p><\/blockquote>\n<p>Was finden wir zum Begriff Kybernetik? In meinem Post <a href=\"http:\/\/blog-conny-dethloff.de\/?p=236\">Wie kommt man von der Kybernetik erster Ordnung zur Kybernetik zweiter Ordnung, und wozu?<\/a> Habe ich die folgende Definition gebracht.<\/p>\n<blockquote><p>Kybernetik ist die Lehre von der Lenkung und Informationsverarbeitung von und in komplexen Systemen.<\/p><\/blockquote>\n<p>Details zur Kybernetik finden Sie bei Interesse <a href=\"http:\/\/blog-conny-dethloff.de\/?page_id=2038\">in meinem Rucksack<\/a>. Sowohl beim Management als auch in der Kybernetik geht es um F\u00fchren, Steuern oder Lenken. Es ist also naheliegend, dass man eine Verbindung ziehen kann, was sich auch in der Disziplin der <a href=\"http:\/\/www.kybernetik.ch\/index1.html\">Managementkybernetik<\/a> niederschl\u00e4gt.<\/p>\n<p>Kommen wir nun zur zweiten Ordnung.<\/p>\n<p>Heinz von Foerster, einer der Pioniere der Kybernetik, versuchte diese zu erweitern um die Einbeziehung des Betrachters. Das folgende Zitat stammt aus dem Buch <a href=\"http:\/\/www.amazon.de\/Wahrheit-ist-Erfindung-eines-L%C3%BCgners\/dp\/3896706462\/ref=sr_1_1?ie=UTF8&amp;qid=1380007134&amp;sr=8-1&amp;keywords=Heinz+von+F%C3%B6rster+Wahrheit+ist+die+Erfindung+eines+L%C3%BCgners\">Wahrheit ist die Erfindung eines L\u00fcgners, Gespr\u00e4che f\u00fcr Skeptiker<\/a> von Heinz von Foerster und Bernhard P\u00f6rksen.<\/p>\n<blockquote><p>Aber was hier \u00fcbersehen wurde, war, dass man ein Gehirn braucht, um ein Gehirn zu verstehen und Modelle von ihm zu entwickeln. Die Kybernetik erster Ordnung trennt das Subjekt vom Objekt, sie verweist auf eine vermeintlich unabh\u00e4ngige Welt \u201eda drau\u00dfen\u201c. Die Kybernetik zweiter Ordnung oder die Kybernetik der Kybernetik ist selbst zirkul\u00e4r [&#8230;]<\/p><\/blockquote>\n<p>Und genau hier ist der Kern des Ansatzes f\u00fcr ein nachhaltiges und menschenfreundliches Management zu finden, was ich mit Management 2.0 verbinde. Der Manager und die F\u00fchrungskraft m\u00fcssen sich in ihren Entscheidungen mit einbeziehen und nicht au\u00dfen vor bleiben. Management ist wie wir oben gesehen haben ein \u201eAn die Hand nehmen\u201c. Nur wer nimmt hier wen an die Hand? Richtig, der Manager seine Mitarbeiter. Das ist Management 1.0 oder Management erster Ordnung. Management zweiter Ordnung bedeutet aber, dass jeder je nach Kontext Manager sein muss. In einem Unternehmen nehmen sich also die Beteiligten gegenseitig an die Hand.<\/p>\n<p>Wenn ein Manager eines Unternehmens eine Entscheidung trifft und danach handelt, mag es sein dass genau diese Handlung einen Lernprozess in ihm ausl\u00f6st, der die Entscheidung in diesem Kontext als falsch herausstellt. Dementsprechend h\u00e4tte der Manager bestenfalls diese Entscheidung nicht getroffen. H\u00e4tte er sie aber nicht getroffen, dann h\u00e4tte er auch nicht diese neuen Erkenntnisse \u00fcber diese Entscheidung generieren k\u00f6nnen. Soll er denn jetzt genau diese Entscheidung treffen oder nicht? Im Kontext erster Ordnung w\u00fcrde der Manager diesen Zusammenhang gar nicht erkennen und \u201eblind\u201c bleiben.<\/p>\n<p>Ich erkenne also schon Parallelen zwischen Kybernetik zweiter Ordnung und Management zweiter Ordnung und definiere Management 2.0 damit als Management zweiter Ordnung. Das ist nat\u00fcrlich gerne zur Diskussion freigegeben.<\/p>\n<p>Nun m\u00f6chte ich dem 2.0 Gedanken des Managements noch ein bisschen mehr Futter geben. Gary Hamel definiert unter anderem folgende Eigenschaften des Management 2.0, <a href=\"https:\/\/plus.google.com\/109393848362875058618\/posts\/ZB231fX6Nq5\">gefunden in dieser Diskussion unserer Google+ Community zu dem MOOC<\/a>.<\/p>\n<ol>\n<li>Weit verbreitete und kreative Werkzeuge.<\/li>\n<li>M\u00f6glichkeiten zu einfachem und leichtem Experimentieren.<\/li>\n<li>Versiertheit ist wichtiger als Diplome.<\/li>\n<li>Engagement ist freiwillig, aber jeder kann sich einbringen.<\/li>\n<li>Autorit\u00e4t ist flie\u00dfend und abh\u00e4ngig vom Mehrwert, den jemand schafft.<\/li>\n<li>Teams definieren und steuern sich selbst.<\/li>\n<li>Ideen haben dieselbe Ausgangslage und konkurrieren untereinander.<\/li>\n<li>Entscheidungen werden dort getroffen, wo sie ben\u00f6tigt werden.<\/li>\n<\/ol>\n<p>Diese Eigenschaften habe ich in meinem Post <a href=\"http:\/\/blog-conny-dethloff.de\/?p=2599\">Hierarchien sind Trivialisierungsstrukturen<\/a> erweitert. Die folgende Tabelle, die aus diesem Post stammt, m\u00f6chte ich auf Grund ihrer Wichtigkeit f\u00fcr diese Diskussion hier noch einmal posten.<\/p>\n<p><a href=\"http:\/\/blog-conny-dethloff.de\/wp-content\/uploads\/2013\/06\/Hierarchie-vs.-Heterarchie.png\"><img loading=\"lazy\" decoding=\"async\" class=\"aligncenter size-full wp-image-2600\" alt=\"Hierarchie vs. Heterarchie\" src=\"http:\/\/blog-conny-dethloff.de\/wp-content\/uploads\/2013\/06\/Hierarchie-vs.-Heterarchie.png\" width=\"890\" height=\"380\" \/><\/a><\/p>\n<p>Details zu den Charakteristika entnehmen Sie bitte dem Originalpost. Manager, die also mit dem 2.0 Gedanken gepolt sind, schaffen einen Rahmen in ihren Unternehmen, in dem diese Charakteristika gedeihen k\u00f6nnen. Man bewegt sich dann zwischen den Polen von hierarchischem und heterarchischem Zusammenarbeitsmodell.<\/p>\n<p>Zum Abschluss m\u00f6chte ich auf ein Thema eingehen, welches mir sehr am Herzen liegt. In Diskussionen um Management 2.0 war das Thema Technologie sehr h\u00e4ufig sehr pr\u00e4sent vertreten. Eine dieser Diskussionen k\u00f6nnen Sie <a href=\"https:\/\/plus.google.com\/116492279832460635123\/posts\/gfojWgrpYff#116492279832460635123\/posts\/gfojWgrpYff\">hier<\/a> verfolgen.<\/p>\n<p>Es hat f\u00fcr mich oft den Anschein, dass das blo\u00dfe Anwenden von 2.0 Technologien, wie Chats, Foren, Wikis, Blogs oder Teamrooms bereits ein Management 2.0 sichert. Das ist meines Erachtens ganz und gar nicht der Fall. Die Technologie ist <a href=\"http:\/\/blog-conny-dethloff.de\/?p=2669\">Mittel und sollte nicht zum Selbstzweck mutieren<\/a>. Des Weiteren sollte die Verantwortung des Vollziehens des notwendigen Wandels in Richtung Management 2.0 nicht auf die Technologie abgeschoben werden. Damit will ich mich nat\u00fcrlich nicht verstanden wissen, dass Technologie f\u00fcr Management 2.0 nicht wichtig ist. Der Keim des Wandels dazu muss aber im Kopf gedeihen, meinetwegen auch inspiriert durch Technologie. Die notwendige Inspiration f\u00fcr diesen Wandel kann aus dem Anwenden der 2.0 Tools genau deshalb entstehen, weil diese Tools eine Vernetzung der Beteiligten erm\u00f6glichen, so dass sich Alle einbezogen f\u00fchlen.<\/p>\n<p>Ich bin gespannt auf Ihre Sicht zu Management 2.0. <\/p>\n<span id=\"post-ratings-2709\" class=\"post-ratings\" data-nonce=\"7037b04c18\"><img decoding=\"async\" id=\"rating_2709_1\" src=\"https:\/\/blog-conny-dethloff.de\/wp-content\/plugins\/wp-postratings\/images\/stars\/rating_on.gif\" alt=\"1 Star\" title=\"1 Star\" onmouseover=\"current_rating(2709, 1, '1 Star');\" onmouseout=\"ratings_off(5, 0, 0);\" onclick=\"rate_post();\" onkeypress=\"rate_post();\" style=\"cursor: pointer; border: 0px;\" \/><img decoding=\"async\" id=\"rating_2709_2\" src=\"https:\/\/blog-conny-dethloff.de\/wp-content\/plugins\/wp-postratings\/images\/stars\/rating_on.gif\" alt=\"2 Stars\" title=\"2 Stars\" onmouseover=\"current_rating(2709, 2, '2 Stars');\" onmouseout=\"ratings_off(5, 0, 0);\" onclick=\"rate_post();\" onkeypress=\"rate_post();\" style=\"cursor: pointer; border: 0px;\" \/><img decoding=\"async\" id=\"rating_2709_3\" src=\"https:\/\/blog-conny-dethloff.de\/wp-content\/plugins\/wp-postratings\/images\/stars\/rating_on.gif\" alt=\"3 Stars\" title=\"3 Stars\" onmouseover=\"current_rating(2709, 3, '3 Stars');\" onmouseout=\"ratings_off(5, 0, 0);\" onclick=\"rate_post();\" onkeypress=\"rate_post();\" style=\"cursor: pointer; border: 0px;\" \/><img decoding=\"async\" id=\"rating_2709_4\" src=\"https:\/\/blog-conny-dethloff.de\/wp-content\/plugins\/wp-postratings\/images\/stars\/rating_on.gif\" alt=\"4 Stars\" title=\"4 Stars\" onmouseover=\"current_rating(2709, 4, '4 Stars');\" onmouseout=\"ratings_off(5, 0, 0);\" onclick=\"rate_post();\" onkeypress=\"rate_post();\" style=\"cursor: pointer; border: 0px;\" \/><img decoding=\"async\" id=\"rating_2709_5\" src=\"https:\/\/blog-conny-dethloff.de\/wp-content\/plugins\/wp-postratings\/images\/stars\/rating_on.gif\" alt=\"5 Stars\" title=\"5 Stars\" onmouseover=\"current_rating(2709, 5, '5 Stars');\" onmouseout=\"ratings_off(5, 0, 0);\" onclick=\"rate_post();\" onkeypress=\"rate_post();\" style=\"cursor: pointer; border: 0px;\" \/> (<strong>3<\/strong> Bewertung(en), Durchschnitt: <strong>5.00<\/strong> von 5)<br \/><span class=\"post-ratings-text\" id=\"ratings_2709_text\"><\/span><\/span><span id=\"post-ratings-2709-loading\" class=\"post-ratings-loading\"><img loading=\"lazy\" decoding=\"async\" src=\"https:\/\/blog-conny-dethloff.de\/wp-content\/plugins\/wp-postratings\/images\/loading.gif\" width=\"16\" height=\"16\" class=\"post-ratings-image\" \/>Loading...<\/span>\n","protected":false},"excerpt":{"rendered":"<p>Ich habe in meinem gestrigen Post MOOC zum Thema \u201eManagement 2.0\u201c das derzeit stattfindende MOOC bereits vorgestellt. Der MOOC tr\u00e4gt im Titel den Begriff \u201eManagement 2.0\u201c. Wissen Sie was sich dahinter verbirgt? Genau dar\u00fcber haben wir in unserem ersten Google+ &hellip; <a href=\"https:\/\/blog-conny-dethloff.de\/?p=2709\">Continue reading <span class=\"meta-nav\">&rarr;<\/span><\/a><\/p>\n","protected":false},"author":1,"featured_media":0,"comment_status":"open","ping_status":"open","sticky":false,"template":"","format":"standard","meta":{"footnotes":""},"categories":[16],"tags":[44,76,43,67],"class_list":["post-2709","post","type-post","status-publish","format-standard","hentry","category-management-und-leadership","tag-leadership","tag-mooc-mgmt-2-0","tag-unternehmensfuhrung","tag-veranstaltungen"],"jetpack_featured_media_url":"","_links":{"self":[{"href":"https:\/\/blog-conny-dethloff.de\/index.php?rest_route=\/wp\/v2\/posts\/2709","targetHints":{"allow":["GET"]}}],"collection":[{"href":"https:\/\/blog-conny-dethloff.de\/index.php?rest_route=\/wp\/v2\/posts"}],"about":[{"href":"https:\/\/blog-conny-dethloff.de\/index.php?rest_route=\/wp\/v2\/types\/post"}],"author":[{"embeddable":true,"href":"https:\/\/blog-conny-dethloff.de\/index.php?rest_route=\/wp\/v2\/users\/1"}],"replies":[{"embeddable":true,"href":"https:\/\/blog-conny-dethloff.de\/index.php?rest_route=%2Fwp%2Fv2%2Fcomments&post=2709"}],"version-history":[{"count":5,"href":"https:\/\/blog-conny-dethloff.de\/index.php?rest_route=\/wp\/v2\/posts\/2709\/revisions"}],"predecessor-version":[{"id":2716,"href":"https:\/\/blog-conny-dethloff.de\/index.php?rest_route=\/wp\/v2\/posts\/2709\/revisions\/2716"}],"wp:attachment":[{"href":"https:\/\/blog-conny-dethloff.de\/index.php?rest_route=%2Fwp%2Fv2%2Fmedia&parent=2709"}],"wp:term":[{"taxonomy":"category","embeddable":true,"href":"https:\/\/blog-conny-dethloff.de\/index.php?rest_route=%2Fwp%2Fv2%2Fcategories&post=2709"},{"taxonomy":"post_tag","embeddable":true,"href":"https:\/\/blog-conny-dethloff.de\/index.php?rest_route=%2Fwp%2Fv2%2Ftags&post=2709"}],"curies":[{"name":"wp","href":"https:\/\/api.w.org\/{rel}","templated":true}]}}