{"id":2690,"date":"2013-09-23T07:45:09","date_gmt":"2013-09-23T06:45:09","guid":{"rendered":"http:\/\/blog-conny-dethloff.de\/?p=2690"},"modified":"2013-09-24T09:59:27","modified_gmt":"2013-09-24T08:59:27","slug":"mooc-zum-thema-management-2-0","status":"publish","type":"post","link":"https:\/\/blog-conny-dethloff.de\/?p=2690","title":{"rendered":"MOOC zum Thema \u201eManagement 2.0\u201c"},"content":{"rendered":"<p><a href=\"http:\/\/blog-conny-dethloff.de\/wp-content\/uploads\/2013\/09\/mgmt20aufkleber-250.gif\"><img loading=\"lazy\" decoding=\"async\" class=\"alignleft  wp-image-2691\" alt=\"mgmt20aufkleber-250\" src=\"http:\/\/blog-conny-dethloff.de\/wp-content\/uploads\/2013\/09\/mgmt20aufkleber-250.gif\" width=\"162\" height=\"162\" \/><\/a><\/p>\n<p>Ich m\u00f6chte den heutigen Post zum Anlass nehmen, eine wie ich finde wichtige derzeit laufende Initiative vorzustellen. Es geht um den gro\u00dfen deutschen MOOC (massive open online course), der vom 16.09.-08.11.2013 stattfindet.<\/p>\n<p>Ob in Wirtschaft, Politik oder auch im privaten Sektor merken wir wohl Alle die derzeit ansteigende H\u00e4ufung an Herausforderungen, die zu meistern und zu handhaben sind. Nur leider wird noch viel zu h\u00e4ufig versucht, diesen Herausforderungen mit alten Denk- und Handelsmustern zu begegnen. Dieser Fakt war der Trigger f\u00fcr diesen Kurs, weshalb ich auch ein aktiver Teilnehmer bin.<\/p>\n<p>N\u00e4here Informationen zu MOOCs und ihren Potentialen f\u00fcr Unternehmen finden Sie in diesem <a href=\"http:\/\/blog-conny-dethloff.de\/wp-content\/uploads\/2013\/09\/168500250-Claudia-Bremer-MOOCs-und-ihre-Potentiale-fur-Unternehmen.pdf\">PDF-Papier<\/a>. Details zu administrativen Themen zu diesem Kurs finden Sie <a href=\"http:\/\/blog-conny-dethloff.de\/wp-content\/uploads\/2013\/09\/168371465-Simon-Duckert-Der-Management-2-0-MOOC.pdf\">hier<\/a>.\u00a0Die Teilnahme am Online-Kurs ist \u00fcbrigens kostenlos.<\/p>\n<p>Der Kurs besteht aus den folgenden Inhalten.<\/p>\n<ol>\n<li>20.09.: Auftaktwoche (Anmeldung zur Live-\u00dcbertragung)<\/li>\n<li>27.09.: Lernen 2.0 (<a href=\"https:\/\/www.xing.com\/events\/management-2-0-mooc-lernen-2-0-live-ubertragung-1296590\">Anmeldung zur Live-\u00dcbertragung<\/a>)<\/li>\n<li>04.10.: Projekt 2.0 (<a href=\"https:\/\/www.xing.com\/events\/management-2-0-mooc-projekt-2-0-live-ubertragung-1296594\">Anmeldung zur Live-\u00dcbertragung<\/a>)<\/li>\n<li>11.10.: Innovation 2.0 (<a href=\"https:\/\/www.xing.com\/events\/management-2-0-mooc-innovation-2-0-live-ubertragung-1296596\">Anmeldung zur Live-\u00dcbertragung<\/a>)<\/li>\n<li>18.10.: Enterprise 2.0 (<a href=\"https:\/\/www.xing.com\/events\/management-2-0-mooc-enterprise-2-0-live-ubertragung-1296598\">Anmeldung zur Live-\u00dcbertragung<\/a>)<\/li>\n<li>25.10.: Kommunikation 2.0 (<a href=\"https:\/\/www.xing.com\/events\/management-2-0-mooc-kommunikation-2-0-live-ubertragung-1296600\">Anmeldung zur Live-\u00dcbertragung<\/a>)<\/li>\n<li>01.11.: F\u00fchrung 2.0 (<a href=\"https:\/\/www.xing.com\/events\/management-2-0-mooc-fuhrung-2-0-live-ubertragung-1296601\">Anmeldung zur Live-\u00dcbertragung<\/a>)<\/li>\n<li>08.11.: Abschlusswoche (<a href=\"https:\/\/www.xing.com\/events\/management-2-0-mooc-abschlusswoche-live-ubertragung-1296604\">Anmeldung zur Live-\u00dcbertragung<\/a>)<\/li>\n<\/ol>\n<p>Falls Sie die Auftaktveranstaltung am vergangenen Freitag, in der MOOCs in ihrer Grunds\u00e4tzlichkeit behandelt wurden, verpasst haben, k\u00f6nnen Sie sich hier das Video ansehen.<br \/>\n<iframe loading=\"lazy\" src=\"\/\/www.youtube.com\/embed\/u44mwR9xKRA\" height=\"253\" width=\"450\" allowfullscreen=\"\" frameborder=\"0\"><\/iframe><\/p>\n<p>Da ein MOOC stets von der Interaktion der Beteiligten lebt, werden Plattformen ben\u00f6tigt, um sich gegenseitig mit Informationen zu befruchten. Der zentrale Punkt der Interaktion ist die <a href=\"https:\/\/www.xing.com\/net\/pri54dbbdx\/mgmt20\/\">Xing-Gruppe \u201eManagement 2.0\u201c<\/a>. Alle Daten und Informationen, die \u00fcber andere Kan\u00e4le und Plattformen getauscht werden, laufen hier zusammen.<\/p>\n<p>Des Weiteren kann man sich nat\u00fcrlich auch \u00fcber Twitter austauschen. Daf\u00fcr sollten Sie ihre Gedanken und Ideen mit dem Hashtag \u201e#mgmt20\u201c versehen.<br \/>\n<a class=\"twitter-timeline\" href=\"https:\/\/twitter.com\/search?q=%23mgmt20\" data-widget-id=\"382024608351649792\">Tweets \u00fcber &#8220;#mgmt20&#8221;<\/a><br \/>\n<script type=\"text\/javascript\">\/\/ <![CDATA[\n!function(d,s,id){var js,fjs=d.getElementsByTagName(s)[0],p=\/^http:\/.test(d.location)?'http':'https';if(!d.getElementById(id)){js=d.createElement(s);js.id=id;js.src=p+\":\/\/platform.twitter.com\/widgets.js\";fjs.parentNode.insertBefore(js,fjs);}}(document,\"script\",\"twitter-wjs\");\n\/\/ ]]><\/script><\/p>\n<p>Parallel dazu bin ich noch Mitglied einer <a href=\"https:\/\/plus.google.com\/u\/0\/communities\/105024805409796370116\/stream\/d2faf9c8-2574-4195-b413-12ac22cc339e\">Google+ Community<\/a>, in welcher zus\u00e4tzlich via Hangout-Sessions Themen rund um Management 2.0 diskutiert werden. Unsere erste Zusammenkunft hatten wir gestern, Sonntag, den 22. September 2013, um 11 Uhr. In dieser haben wir uns initial die Frage gestellt, was Management 2.0 \u00fcberhaupt bedeutet. Reflektionen dazu finden Sie in der Google+ Community. Des Weiteren werde ich in dieser Woche noch einen separaten Post dazu verfassen.<\/p>\n<p>Mit diesem Post m\u00f6chte ich Sie herzlich einladen, sich an den Diskussionen rund um den MOOC \u201eManagement 2.0\u201c zu beteiligen. Ich freue mich auf einen regen Austausch und einen freudigen Erkenntnisgewinn.<\/p>\n<span id=\"post-ratings-2690\" class=\"post-ratings\" data-nonce=\"54452e3894\"><img decoding=\"async\" id=\"rating_2690_1\" src=\"https:\/\/blog-conny-dethloff.de\/wp-content\/plugins\/wp-postratings\/images\/stars\/rating_on.gif\" alt=\"1 Star\" title=\"1 Star\" onmouseover=\"current_rating(2690, 1, '1 Star');\" onmouseout=\"ratings_off(5, 0, 0);\" onclick=\"rate_post();\" onkeypress=\"rate_post();\" style=\"cursor: pointer; border: 0px;\" \/><img decoding=\"async\" id=\"rating_2690_2\" src=\"https:\/\/blog-conny-dethloff.de\/wp-content\/plugins\/wp-postratings\/images\/stars\/rating_on.gif\" alt=\"2 Stars\" title=\"2 Stars\" onmouseover=\"current_rating(2690, 2, '2 Stars');\" onmouseout=\"ratings_off(5, 0, 0);\" onclick=\"rate_post();\" onkeypress=\"rate_post();\" style=\"cursor: pointer; border: 0px;\" \/><img decoding=\"async\" id=\"rating_2690_3\" src=\"https:\/\/blog-conny-dethloff.de\/wp-content\/plugins\/wp-postratings\/images\/stars\/rating_on.gif\" alt=\"3 Stars\" title=\"3 Stars\" onmouseover=\"current_rating(2690, 3, '3 Stars');\" onmouseout=\"ratings_off(5, 0, 0);\" onclick=\"rate_post();\" onkeypress=\"rate_post();\" style=\"cursor: pointer; border: 0px;\" \/><img decoding=\"async\" id=\"rating_2690_4\" src=\"https:\/\/blog-conny-dethloff.de\/wp-content\/plugins\/wp-postratings\/images\/stars\/rating_on.gif\" alt=\"4 Stars\" title=\"4 Stars\" onmouseover=\"current_rating(2690, 4, '4 Stars');\" onmouseout=\"ratings_off(5, 0, 0);\" onclick=\"rate_post();\" onkeypress=\"rate_post();\" style=\"cursor: pointer; border: 0px;\" \/><img decoding=\"async\" id=\"rating_2690_5\" src=\"https:\/\/blog-conny-dethloff.de\/wp-content\/plugins\/wp-postratings\/images\/stars\/rating_on.gif\" alt=\"5 Stars\" title=\"5 Stars\" onmouseover=\"current_rating(2690, 5, '5 Stars');\" onmouseout=\"ratings_off(5, 0, 0);\" onclick=\"rate_post();\" onkeypress=\"rate_post();\" style=\"cursor: pointer; border: 0px;\" \/> (<strong>1<\/strong> Bewertung(en), Durchschnitt: <strong>5.00<\/strong> von 5)<br \/><span class=\"post-ratings-text\" id=\"ratings_2690_text\"><\/span><\/span><span id=\"post-ratings-2690-loading\" class=\"post-ratings-loading\"><img loading=\"lazy\" decoding=\"async\" src=\"https:\/\/blog-conny-dethloff.de\/wp-content\/plugins\/wp-postratings\/images\/loading.gif\" width=\"16\" height=\"16\" class=\"post-ratings-image\" \/>Loading...<\/span>\n","protected":false},"excerpt":{"rendered":"<p>Ich m\u00f6chte den heutigen Post zum Anlass nehmen, eine wie ich finde wichtige derzeit laufende Initiative vorzustellen. Es geht um den gro\u00dfen deutschen MOOC (massive open online course), der vom 16.09.-08.11.2013 stattfindet. Ob in Wirtschaft, Politik oder auch im privaten &hellip; <a href=\"https:\/\/blog-conny-dethloff.de\/?p=2690\">Continue reading <span class=\"meta-nav\">&rarr;<\/span><\/a><\/p>\n","protected":false},"author":1,"featured_media":0,"comment_status":"open","ping_status":"open","sticky":false,"template":"","format":"standard","meta":{"footnotes":""},"categories":[16],"tags":[44,76,43,67],"class_list":["post-2690","post","type-post","status-publish","format-standard","hentry","category-management-und-leadership","tag-leadership","tag-mooc-mgmt-2-0","tag-unternehmensfuhrung","tag-veranstaltungen"],"jetpack_featured_media_url":"","_links":{"self":[{"href":"https:\/\/blog-conny-dethloff.de\/index.php?rest_route=\/wp\/v2\/posts\/2690","targetHints":{"allow":["GET"]}}],"collection":[{"href":"https:\/\/blog-conny-dethloff.de\/index.php?rest_route=\/wp\/v2\/posts"}],"about":[{"href":"https:\/\/blog-conny-dethloff.de\/index.php?rest_route=\/wp\/v2\/types\/post"}],"author":[{"embeddable":true,"href":"https:\/\/blog-conny-dethloff.de\/index.php?rest_route=\/wp\/v2\/users\/1"}],"replies":[{"embeddable":true,"href":"https:\/\/blog-conny-dethloff.de\/index.php?rest_route=%2Fwp%2Fv2%2Fcomments&post=2690"}],"version-history":[{"count":15,"href":"https:\/\/blog-conny-dethloff.de\/index.php?rest_route=\/wp\/v2\/posts\/2690\/revisions"}],"predecessor-version":[{"id":2708,"href":"https:\/\/blog-conny-dethloff.de\/index.php?rest_route=\/wp\/v2\/posts\/2690\/revisions\/2708"}],"wp:attachment":[{"href":"https:\/\/blog-conny-dethloff.de\/index.php?rest_route=%2Fwp%2Fv2%2Fmedia&parent=2690"}],"wp:term":[{"taxonomy":"category","embeddable":true,"href":"https:\/\/blog-conny-dethloff.de\/index.php?rest_route=%2Fwp%2Fv2%2Fcategories&post=2690"},{"taxonomy":"post_tag","embeddable":true,"href":"https:\/\/blog-conny-dethloff.de\/index.php?rest_route=%2Fwp%2Fv2%2Ftags&post=2690"}],"curies":[{"name":"wp","href":"https:\/\/api.w.org\/{rel}","templated":true}]}}