{"id":263,"date":"2011-01-13T19:09:21","date_gmt":"2011-01-13T18:09:21","guid":{"rendered":"http:\/\/blog-conny-dethloff.de\/?p=263"},"modified":"2012-11-28T07:35:53","modified_gmt":"2012-11-28T06:35:53","slug":"interview-mit-f-vester-leitmotiv-vernetztes-denken","status":"publish","type":"post","link":"https:\/\/blog-conny-dethloff.de\/?p=263","title":{"rendered":"Interview mit F. Vester &#8211; Leitmotiv vernetztes Denken"},"content":{"rendered":"<p>\u00dcber diesen <a href=\"http:\/\/www.ardmediathek.de\/ard\/servlet\/content\/3517136?documentId=4435670\">Link<\/a> k\u00f6nnen Sie einem Interview mit <strong><em>Frederic Vester<\/em><\/strong>, einem der V\u00e4ter des vernetzten Denkens, lauschen. Es geht um das Vernetzte Denken und die Probleme dieses in der \u00d6ffentlichkeit zu verbreiten. Das Interview ist vom Dezember 1988(!!!!) und die Probleme, die Vester anspricht sind noch so aktuell wie heute. Wahnsinn.<\/p>\n<p>Auf zwei Aspekte, die Vester anspricht, m\u00f6chte ich tiefer eingehen.<\/p>\n<p><strong>1. Warum ist es so schwer, vernetztes Denken zu etablieren?<\/strong><br \/>\nIn der Nachkriegszeit, die im \u00fcberragenden Ma\u00dfe vom wiederaufbau gepr\u00e4gt war, war quantiatives Wachstum relativ leicht erreichbar. Man hat in diesen Phasen mit dem linearen Denken gro\u00dfen Erfolg. Mittlerweile leben wir aber in einer Zeit, in der das quantitaitve Wachstum sehr viel schwerer erreichbar ist, ja sogar teilweise unm\u00f6glich ist. <strong><em>Donella Meadows<\/em><\/strong>, <strong><em>Jorgen Randers<\/em><\/strong> und <strong><em>Dennis Meadows<\/em><\/strong> (Autor) haben dies in dem Bestseller <a href=\"http:\/\/www.amazon.de\/Grenzen-Wachstums-30-Jahre-Update-Signal-Kurswechsel\/dp\/3777613843\/ref=sr_1_1?s=books&#038;ie=UTF8&#038;qid=1294941845&#038;sr=1-1\">Grenzen des Wachstums<\/a> sehr sch\u00f6n ausgef\u00fchrt. Das lineare Denken ist dadurch gepr\u00e4gt, dass Aktionen, die in der Vergangenheit zum Erfolg f\u00fchrten, stets wiederholt werden; auch dann noch wenn sie nicht mehr zum Erfolg f\u00fchren. Das ist der Grund, warum das vernetzte Denken in den Managementetagen der Unternehmen noch sehr unterrepr\u00e4sentiert ist. Das &#8220;noch&#8221; steht hier f\u00fcr meine Hoffnung. <\/p>\n<p><strong>2. Warum ist es so schwer, das vernetzte Denken zu verinnerlichen?<\/strong><br \/>\nKinder, bis zum Schulalter, denken vernetzt. Wenn Kinder beispielsweise \u00fcber einen Tisch nachdenken, dann verbinden sie den Tisch mit Aktionen, die man mit diesem machen kann: am Tisch sitzen, Geschirr auf den Tisch stellen etc. Sie denken also prozessual und dynamisch. In der Schule lernen die Kinder dann den Tisch zu kategorisieren: Der Tisch ist ein M\u00f6belst\u00fcck. Sie fangen also an statisch, also in Gegenst\u00e4nden oder auch in Zust\u00e4nden zu denken. Einer meiner Lieblingsvordenker, <strong><em>Heinz von Foerster<\/em><\/strong>, sagt dazu ja so sch\u00f6n: In der Schule werden Kinder trivialisiert. Das lineare Denken wird also in den Schulen und in den weiteren Bildungseinrichtungen gef\u00f6rdert (statisches Denken in Zust\u00e4nden).<\/p>\n<p>Es gibt also noch sehr viel zu tun. Packen wir es an.<\/p>\n<span id=\"post-ratings-263\" class=\"post-ratings\" data-nonce=\"b31db23780\"><img decoding=\"async\" id=\"rating_263_1\" src=\"https:\/\/blog-conny-dethloff.de\/wp-content\/plugins\/wp-postratings\/images\/stars\/rating_on.gif\" alt=\"1 Star\" title=\"1 Star\" onmouseover=\"current_rating(263, 1, '1 Star');\" onmouseout=\"ratings_off(5, 0, 0);\" onclick=\"rate_post();\" onkeypress=\"rate_post();\" style=\"cursor: pointer; border: 0px;\" \/><img decoding=\"async\" id=\"rating_263_2\" src=\"https:\/\/blog-conny-dethloff.de\/wp-content\/plugins\/wp-postratings\/images\/stars\/rating_on.gif\" alt=\"2 Stars\" title=\"2 Stars\" onmouseover=\"current_rating(263, 2, '2 Stars');\" onmouseout=\"ratings_off(5, 0, 0);\" onclick=\"rate_post();\" onkeypress=\"rate_post();\" style=\"cursor: pointer; border: 0px;\" \/><img decoding=\"async\" id=\"rating_263_3\" src=\"https:\/\/blog-conny-dethloff.de\/wp-content\/plugins\/wp-postratings\/images\/stars\/rating_on.gif\" alt=\"3 Stars\" title=\"3 Stars\" onmouseover=\"current_rating(263, 3, '3 Stars');\" onmouseout=\"ratings_off(5, 0, 0);\" onclick=\"rate_post();\" onkeypress=\"rate_post();\" style=\"cursor: pointer; border: 0px;\" \/><img decoding=\"async\" id=\"rating_263_4\" src=\"https:\/\/blog-conny-dethloff.de\/wp-content\/plugins\/wp-postratings\/images\/stars\/rating_on.gif\" alt=\"4 Stars\" title=\"4 Stars\" onmouseover=\"current_rating(263, 4, '4 Stars');\" onmouseout=\"ratings_off(5, 0, 0);\" onclick=\"rate_post();\" onkeypress=\"rate_post();\" style=\"cursor: pointer; border: 0px;\" \/><img decoding=\"async\" id=\"rating_263_5\" src=\"https:\/\/blog-conny-dethloff.de\/wp-content\/plugins\/wp-postratings\/images\/stars\/rating_on.gif\" alt=\"5 Stars\" title=\"5 Stars\" onmouseover=\"current_rating(263, 5, '5 Stars');\" onmouseout=\"ratings_off(5, 0, 0);\" onclick=\"rate_post();\" onkeypress=\"rate_post();\" style=\"cursor: pointer; border: 0px;\" \/> (<strong>1<\/strong> Bewertung(en), Durchschnitt: <strong>5.00<\/strong> von 5)<br \/><span class=\"post-ratings-text\" id=\"ratings_263_text\"><\/span><\/span><span id=\"post-ratings-263-loading\" class=\"post-ratings-loading\"><img loading=\"lazy\" decoding=\"async\" src=\"https:\/\/blog-conny-dethloff.de\/wp-content\/plugins\/wp-postratings\/images\/loading.gif\" width=\"16\" height=\"16\" class=\"post-ratings-image\" \/>Loading...<\/span>\n","protected":false},"excerpt":{"rendered":"<p>\u00dcber diesen Link k\u00f6nnen Sie einem Interview mit Frederic Vester, einem der V\u00e4ter des vernetzten Denkens, lauschen. Es geht um das Vernetzte Denken und die Probleme dieses in der \u00d6ffentlichkeit zu verbreiten. Das Interview ist vom Dezember 1988(!!!!) und die &hellip; <a href=\"https:\/\/blog-conny-dethloff.de\/?p=263\">Continue reading <span class=\"meta-nav\">&rarr;<\/span><\/a><\/p>\n","protected":false},"author":1,"featured_media":0,"comment_status":"open","ping_status":"open","sticky":false,"template":"","format":"standard","meta":{"footnotes":""},"categories":[5,24],"tags":[84,45,20],"class_list":["post-263","post","type-post","status-publish","format-standard","hentry","category-denken","category-komplexitat","tag-denken","tag-kybernetik","tag-systemtheorie"],"jetpack_featured_media_url":"","_links":{"self":[{"href":"https:\/\/blog-conny-dethloff.de\/index.php?rest_route=\/wp\/v2\/posts\/263","targetHints":{"allow":["GET"]}}],"collection":[{"href":"https:\/\/blog-conny-dethloff.de\/index.php?rest_route=\/wp\/v2\/posts"}],"about":[{"href":"https:\/\/blog-conny-dethloff.de\/index.php?rest_route=\/wp\/v2\/types\/post"}],"author":[{"embeddable":true,"href":"https:\/\/blog-conny-dethloff.de\/index.php?rest_route=\/wp\/v2\/users\/1"}],"replies":[{"embeddable":true,"href":"https:\/\/blog-conny-dethloff.de\/index.php?rest_route=%2Fwp%2Fv2%2Fcomments&post=263"}],"version-history":[{"count":4,"href":"https:\/\/blog-conny-dethloff.de\/index.php?rest_route=\/wp\/v2\/posts\/263\/revisions"}],"predecessor-version":[{"id":1784,"href":"https:\/\/blog-conny-dethloff.de\/index.php?rest_route=\/wp\/v2\/posts\/263\/revisions\/1784"}],"wp:attachment":[{"href":"https:\/\/blog-conny-dethloff.de\/index.php?rest_route=%2Fwp%2Fv2%2Fmedia&parent=263"}],"wp:term":[{"taxonomy":"category","embeddable":true,"href":"https:\/\/blog-conny-dethloff.de\/index.php?rest_route=%2Fwp%2Fv2%2Fcategories&post=263"},{"taxonomy":"post_tag","embeddable":true,"href":"https:\/\/blog-conny-dethloff.de\/index.php?rest_route=%2Fwp%2Fv2%2Ftags&post=263"}],"curies":[{"name":"wp","href":"https:\/\/api.w.org\/{rel}","templated":true}]}}