{"id":1616,"date":"2012-11-07T11:09:43","date_gmt":"2012-11-07T10:09:43","guid":{"rendered":"http:\/\/blog-conny-dethloff.de\/?p=1616"},"modified":"2018-04-18T05:13:40","modified_gmt":"2018-04-18T04:13:40","slug":"das-quantenmechanische-phanomen-des-messens","status":"publish","type":"post","link":"https:\/\/blog-conny-dethloff.de\/?p=1616","title":{"rendered":"Das quantenmechanische Ph\u00e4nomen des Messens"},"content":{"rendered":"<p>Unser gesamtes Leben ist unter anderem gepr\u00e4gt vom Messen. In der Schule werden die Leistungen der Sch\u00fcler durch Benotungen honoriert. In der Wirtschaft schaffen Kennzahlensysteme eine Transparenz \u00fcber den Stand des Unternehmens am Markt. Sicherlich finden Sie noch viele weitere Beispiele f\u00fcr das Messen.<\/p>\n<p>Welche Motivation liegt aber dem Messen zu Grunde? Warum messen wir Menschen eigentlich? Menschen haben sich in vielen Bereichen eine Kultur des Wettbewerbs geschaffen. Es muss immer h\u00f6her, immer schneller, immer weiter gehen. Das impliziert dann aber auch das Gef\u00fchl des Vergleichen M\u00fcssens. Wir schaffen uns Kriterien gegen die die erbrachten Leistungen, egal welcher Art, vergleichen m\u00fcssen, um dieses H\u00f6her, Schneller und Weiter zu eruieren. Ich werde jetzt gar nicht auf die Schwierigkeit des Quantifizierens qualitativer eingehen. Das habe ich unter anderem in meinem Post <a href=\"http:\/\/blog-conny-dethloff.de\/?p=467\">Behindert unser unzureichendes Zahlenverst\u00e4ndnis unser Probleml\u00f6sen?<\/a> getan.<\/p>\n<p>Ich m\u00f6chte heute eher die Thematik beleuchten, dass wir uns bewusst sein m\u00fcssen, dass wir mit dem Akt des Messens vielleicht die Umwelt und damit die Ergebnisse des Messens beeinflussen. Die Sendung &#8220;Der Stoff aus dem der Kosmos ist&#8221;, welche in 4 Teilen und erstmalig am 1. November 2012 auf Arte ausgestrahlt wurde, gibt nicht nur einen sehr anschaulichen und relativ leicht verst\u00e4ndlichen Einblick in die Quantenmechanik, sondern geht auch auf das Ph\u00e4nomen des Messens ein.<\/p>\n<p>https:\/\/www.youtube.com\/watch?v=CpeSF8Asy2E<\/p>\n<p>Unter anderem wird ein Meinungsstreit der beiden Physiker <a href=\"http:\/\/de.wikipedia.org\/wiki\/Albert_Einstein\">Albert Einstein<\/a> und <a href=\"http:\/\/de.wikipedia.org\/wiki\/Niels_Bohr\">Niels Bohr<\/a> nachgezeichnet, der sich um das Messen drehte. F\u00fcr Bohr war offensichtlich, dass der Akt des Messens Alles ver\u00e4ndert. Bevor etwas gemessen wird, sind die Eigenschaften eines Teilchens unbestimmt. Der Messvorgang des Menschen zwingt also das Teilchen dazu, aus einem M\u00f6glichkeitsraum von Orten wo es sich befinden k\u00f6nnte, genau einen zu w\u00e4hlen, wo es sich tats\u00e4chlich befindet. Diesen messen wir dann. Einstein konnte diesen Gedankeng\u00e4ngen nicht folgen. F\u00fcr ihn war klar, dass Teilchen an genau einem bestimmten Ort sind und nicht nur dann wenn wir Menschen diesen messen. Dieser Streit wurde zu Gunsten von Bohr in sp\u00e4teren Jahren experimentell aufgel\u00f6st. Der Werdegang dieser Aufl\u00f6sung ist Bestandteil dieser Sendung.<\/p>\n<p>Dieser Meinungsstreit bzgl. des Messens fokussiert auf Teilchen, also auf die Mikrowelt. K\u00f6nnen wir diese Ph\u00e4nomene ganz einfach auf unsere Makrowelt transferieren? Derzeit forschen Wissenschaftler in genau diesem Bereich und thematisieren dabei so futuristische Themen wir das Beamen, welches Sie sicherlich aus der TV-Serie &#8220;Raumschiff Enterprise&#8221; kennen. Diese Forschungsarbeiten werden ebenfalls in dem Video reflektiert.<\/p>\n<p>W\u00fcrde sich Bohrs These auch in der Makrowelt best\u00e4tigen, bedeutete dies, dass wir beispielsweise durch die Messung des Umsatzes oder durch die Messung von Abverk\u00e4ufen und die anschlie\u00dfende Darstellung der Ergebnisse in Form von KPIs den eigentlichen Verkauf von Produkten beeinflussen. Vor dem Akt des Messens w\u00e4re dieser unbestimmt. Dieser Fakt nimmt auch eine andere Dimension ein, als ich in meinem Post <a href=\"http:\/\/blog-conny-dethloff.de\/?p=1563\">Diversity Management schafft Einfalt statt Vielfalt<\/a> beschrieben habe, in dem ich beschreibe, das das Normative und das Deskriptive sich in einem selbstverst\u00e4rkenden Kreislauf befinden. Dieser Umstand h\u00e4tte im Bereich der Unternehmensf\u00fchrung einen nie dagewesenen Einfluss.<\/p>\n<p>Alleine dar\u00fcber nachzudenken f\u00fchlt sich skurril an, oder?<\/p>\n<span id=\"post-ratings-1616\" class=\"post-ratings\" data-nonce=\"869cfd4ed7\"><img decoding=\"async\" id=\"rating_1616_1\" src=\"https:\/\/blog-conny-dethloff.de\/wp-content\/plugins\/wp-postratings\/images\/stars\/rating_off.gif\" alt=\"1 Star\" title=\"1 Star\" onmouseover=\"current_rating(1616, 1, '1 Star');\" onmouseout=\"ratings_off(0, 0, 0);\" onclick=\"rate_post();\" onkeypress=\"rate_post();\" style=\"cursor: pointer; border: 0px;\" \/><img decoding=\"async\" id=\"rating_1616_2\" src=\"https:\/\/blog-conny-dethloff.de\/wp-content\/plugins\/wp-postratings\/images\/stars\/rating_off.gif\" alt=\"2 Stars\" title=\"2 Stars\" onmouseover=\"current_rating(1616, 2, '2 Stars');\" onmouseout=\"ratings_off(0, 0, 0);\" onclick=\"rate_post();\" onkeypress=\"rate_post();\" style=\"cursor: pointer; border: 0px;\" \/><img decoding=\"async\" id=\"rating_1616_3\" src=\"https:\/\/blog-conny-dethloff.de\/wp-content\/plugins\/wp-postratings\/images\/stars\/rating_off.gif\" alt=\"3 Stars\" title=\"3 Stars\" onmouseover=\"current_rating(1616, 3, '3 Stars');\" onmouseout=\"ratings_off(0, 0, 0);\" onclick=\"rate_post();\" onkeypress=\"rate_post();\" style=\"cursor: pointer; border: 0px;\" \/><img decoding=\"async\" id=\"rating_1616_4\" src=\"https:\/\/blog-conny-dethloff.de\/wp-content\/plugins\/wp-postratings\/images\/stars\/rating_off.gif\" alt=\"4 Stars\" title=\"4 Stars\" onmouseover=\"current_rating(1616, 4, '4 Stars');\" onmouseout=\"ratings_off(0, 0, 0);\" onclick=\"rate_post();\" onkeypress=\"rate_post();\" style=\"cursor: pointer; border: 0px;\" \/><img decoding=\"async\" id=\"rating_1616_5\" src=\"https:\/\/blog-conny-dethloff.de\/wp-content\/plugins\/wp-postratings\/images\/stars\/rating_off.gif\" alt=\"5 Stars\" title=\"5 Stars\" onmouseover=\"current_rating(1616, 5, '5 Stars');\" onmouseout=\"ratings_off(0, 0, 0);\" onclick=\"rate_post();\" onkeypress=\"rate_post();\" style=\"cursor: pointer; border: 0px;\" \/> (Keine Bewertungen bislang. Geben Sie doch die erste ab.)<br \/><span class=\"post-ratings-text\" id=\"ratings_1616_text\"><\/span><\/span><span id=\"post-ratings-1616-loading\" class=\"post-ratings-loading\"><img loading=\"lazy\" decoding=\"async\" src=\"https:\/\/blog-conny-dethloff.de\/wp-content\/plugins\/wp-postratings\/images\/loading.gif\" width=\"16\" height=\"16\" class=\"post-ratings-image\" \/>Loading...<\/span>\n","protected":false},"excerpt":{"rendered":"<p>Unser gesamtes Leben ist unter anderem gepr\u00e4gt vom Messen. In der Schule werden die Leistungen der Sch\u00fcler durch Benotungen honoriert. In der Wirtschaft schaffen Kennzahlensysteme eine Transparenz \u00fcber den Stand des Unternehmens am Markt. Sicherlich finden Sie noch viele weitere &hellip; <a href=\"https:\/\/blog-conny-dethloff.de\/?p=1616\">Continue reading <span class=\"meta-nav\">&rarr;<\/span><\/a><\/p>\n","protected":false},"author":1,"featured_media":0,"comment_status":"open","ping_status":"open","sticky":false,"template":"","format":"standard","meta":{"footnotes":""},"categories":[6],"tags":[19,43,7],"class_list":["post-1616","post","type-post","status-publish","format-standard","hentry","category-okonomie","tag-business-intelligence","tag-unternehmensfuhrung","tag-wirtschaft"],"jetpack_featured_media_url":"","_links":{"self":[{"href":"https:\/\/blog-conny-dethloff.de\/index.php?rest_route=\/wp\/v2\/posts\/1616","targetHints":{"allow":["GET"]}}],"collection":[{"href":"https:\/\/blog-conny-dethloff.de\/index.php?rest_route=\/wp\/v2\/posts"}],"about":[{"href":"https:\/\/blog-conny-dethloff.de\/index.php?rest_route=\/wp\/v2\/types\/post"}],"author":[{"embeddable":true,"href":"https:\/\/blog-conny-dethloff.de\/index.php?rest_route=\/wp\/v2\/users\/1"}],"replies":[{"embeddable":true,"href":"https:\/\/blog-conny-dethloff.de\/index.php?rest_route=%2Fwp%2Fv2%2Fcomments&post=1616"}],"version-history":[{"count":8,"href":"https:\/\/blog-conny-dethloff.de\/index.php?rest_route=\/wp\/v2\/posts\/1616\/revisions"}],"predecessor-version":[{"id":4235,"href":"https:\/\/blog-conny-dethloff.de\/index.php?rest_route=\/wp\/v2\/posts\/1616\/revisions\/4235"}],"wp:attachment":[{"href":"https:\/\/blog-conny-dethloff.de\/index.php?rest_route=%2Fwp%2Fv2%2Fmedia&parent=1616"}],"wp:term":[{"taxonomy":"category","embeddable":true,"href":"https:\/\/blog-conny-dethloff.de\/index.php?rest_route=%2Fwp%2Fv2%2Fcategories&post=1616"},{"taxonomy":"post_tag","embeddable":true,"href":"https:\/\/blog-conny-dethloff.de\/index.php?rest_route=%2Fwp%2Fv2%2Ftags&post=1616"}],"curies":[{"name":"wp","href":"https:\/\/api.w.org\/{rel}","templated":true}]}}