{"id":1582,"date":"2012-10-18T06:28:03","date_gmt":"2012-10-18T05:28:03","guid":{"rendered":"http:\/\/blog-conny-dethloff.de\/?p=1582"},"modified":"2020-05-06T09:15:59","modified_gmt":"2020-05-06T08:15:59","slug":"die-finanzkrise-verstehen-aller-anfang-ist-schwer-aber-spannend","status":"publish","type":"post","link":"https:\/\/blog-conny-dethloff.de\/?p=1582","title":{"rendered":"Die Finanzkrise verstehen: Aller Anfang ist schwer aber spannend"},"content":{"rendered":"<p><a href=\"http:\/\/blog-conny-dethloff.de\/wp-content\/uploads\/2012\/10\/Finanzkrise-2.jpg\"><img loading=\"lazy\" decoding=\"async\" class=\"alignright size-full wp-image-1583\" title=\"Finanzkrise 2\" src=\"http:\/\/blog-conny-dethloff.de\/wp-content\/uploads\/2012\/10\/Finanzkrise-2.jpg\" alt=\"\" width=\"200\" height=\"80\" \/><\/a><\/p>\n<p>Ich habe in meinem Post <a href=\"http:\/\/blog-conny-dethloff.de\/?p=1553\">Die Finanzkrise verstehen: Aufruf zum kollaborativen Modellieren mit dem iMODELER<\/a> auf das Vorhaben hingewiesen, in dem wir mithilfe des CONSIDEO iMODELERs und der Methode des qualitativen Modellierens die Finanzkrise verstehen wollen.<\/p>\n<p>Am Montag, den 15. Oktober um 20.30 Uhr war es nun soweit. Axel Schr\u00f6der und ich haben die erste Session abgehalten. Und das vorweg. Es war extrem spannend und hat Lust auf mehr gemacht. Warum? Weil, und das habe ich des \u00d6fteren bereits in meinem Logbuch formuliert, f\u00fcr mich nach der Session einige Thematiken zu hinterfragen und zu beleuchten sind, die vor der Session f\u00fcr mich selbstverst\u00e4ndlich schienen. Aber dazu gleich mehr.<\/p>\n<p>Vorweg m\u00f6chte ich Sie aber noch auf zwei Dinge aufmerksam machen.<\/p>\n<p>Zum einen m\u00f6chte ich auf den Post von Axel Schr\u00f6der <a href=\"https:\/\/axel-schroeder.de\/2012\/10\/17\/finanzkrise-verstehen-mit-dem-imodler-die-effizienzmarkthypothese-und-alles-kam-anders\/\">Finanzkrise verstehen mit dem iModler: Die Effizienzmarkthypothese \u2013 und alles kam anders<\/a> verweisen, der seine Gedanken und Ideen zu dieser Session ebenfalls verschriftlicht hat. Das ist aus meiner Sicht ein spannender Nebeneffekt. Axel und ich (und hoffentlich noch viele weitere Mitstreiter in der Zukunft) gehen mit unterschiedlichen Erfahrungen und Vorwissen in diese Sessions, was letztendlich zu spannenden Diskussionen aber auch zu unterschiedlichen Einsichten und Erkenntnissen nach den Sessions f\u00fchren. Dieses Momentum wollen wir f\u00fcr die fortf\u00fchrenden Diskussionen nutzen und damit den entscheidenden Unterschied zu bisherigen Diskussionen zur Finanzkrise setzen, die doch sehr h\u00e4ufig von Eigennutz der Beteiligten geleitet waren.<\/p>\n<p>Zum anderen ist es f\u00fcr Sie wohl nicht minder wichtig zu wissen, wo Sie den derzeitigen Diskussionsstand abgreifen k\u00f6nnen. Unter <a href=\"https:\/\/www.imodeler.info\/ro?key=ANj20xoaFsmmRZZUCEbwlKg\">https:\/\/www.imodeler.info\/ro?key=ANj20xoaFsmmRZZUCEbwlKg<\/a> k\u00f6nnen Sie stets den aktuellen Ergebnisstand unserer Diskussion, die Axel dankenswerterweise aufgezeichnet hat, nachverfolgen.<\/p>\n<p><iframe loading=\"lazy\" title=\"Finanzkrise verstehen - Effizienz der Finanzm\u00e4rkte\" width=\"640\" height=\"360\" src=\"https:\/\/www.youtube.com\/embed\/u0I353WVw-w?feature=oembed\" frameborder=\"0\" allow=\"accelerometer; autoplay; clipboard-write; encrypted-media; gyroscope; picture-in-picture; web-share\" referrerpolicy=\"strict-origin-when-cross-origin\" allowfullscreen><\/iframe><\/p>\n<p>Die roten Faktoren in diesem Modell sind Anmerkungen von mir und die gelben Faktoren sind Anmerkungen von Axel, die aus \u00dcberlegungen nach den jeweiligen Sessions resultiert sind, und die in nachfolgenden Sessions einer \u00dcberarbeitung bed\u00fcrfen. Des Weiteren werde ich nicht m\u00fcde zu betonen, dass das Modell noch nicht fertig ist, ja wohl niemals fertig sein kann, da immer wieder neue Erkenntnisse generiert werden, die neu in dem Modell reflektiert werden m\u00fcssen.<\/p>\n<p>Aber nun zu unserer Session am Montag. Als Ankerpunkt f\u00fcr unsere These haben wir die These <em><strong>Finanzm\u00e4rkte sind effizient<\/strong><\/em> bem\u00fcht. Um zu verstehen, was der eigentliche Inhalt hinter diese These ist, haben wir uns angeschaut, was die Effizienzmarkthypothese der Finanzm\u00e4rkte eigentlich aussagt. <a href=\"http:\/\/de.wikipedia.org\/wiki\/Effizienzmarkthypothese\">Wikipedia<\/a> &#8220;sagt&#8221; dazu Folgendes.<\/p>\n<blockquote><p>Die fundamental gepr\u00e4gte Effizienzmarkthypothese (engl. Efficient Market Hypothesis, kurz EMH) wurde 1970 von Eugene Fama als mathematisch-statistische Theorie der Volkswirtschaftslehre zusammengefasst. Sie besagt, dass die Finanzm\u00e4rkte in dem Sinne effizient sind, dass vorhandene Informationen bereits eingepreist sind und somit niemand in der Lage zu dauerhaft \u00fcberdurchschnittlichen Gewinnen ist.<\/p><\/blockquote>\n<p>Daraus haben wir geschlussfolgert, dass auf dieser Basis alle Akteure (Staaten, private Haushalte, Unternehmen der Realwirtschaft, Banken, Finanzinstitute und Ratingagenturen) vollst\u00e4ndig rational auf Basis gleicher und vollst\u00e4ndiger Daten, die auf objektive Methoden basierend zu gleichen Informationen transformiert, agieren m\u00fcssen. Diese Erkenntnis haben wir dann auch in Faktoren und ihren Wirkungen zueinander verarbeitet.<\/p>\n<p>Danach kamen wir ins Stocken. Ich hatte bereits im Rahmen der Diskussion mit Axel das Bauchgef\u00fchl, dass die oben beschriebene Situation niemals eintreten kann. Es geht gar nicht, dass alle Akteure gleicherma\u00dfen Zugang zu allen Daten haben und diese dann auch noch in gleicher Art und Weise zu Information transformieren. Noch schlimmer. In dieser Hypothese wird noch nicht einmal zwischen Daten und Information unterschieden. Objektivit\u00e4t, die hier postuliert wird, kann niemals gegeben sein. Mir fiel es nur in der Diskussion schwer dieses Bauchgef\u00fchl in dem Modell zu verarbeiten. Ich empfinde diesen Fakt aber keineswegs als negativ, ganz im Gegenteil. Es spornt mich an, diese Gedanken und Ideen f\u00fcr die n\u00e4chste Session tiefgr\u00fcndig zu durchdenken und dann zur Diskussion zu stellen.<\/p>\n<p>Wahrscheinlich war dieses Stocken in der Diskussion auch der Grund f\u00fcr meinen Shortcut, den Axel in seinem Post als mein starkes Postulat beschrieben hat. Finanz- und Realwirtschaft nehmen unterschiedliche Rollen im gesamtvolkswirtschaftlichen Kreislauf ein, weshalb auch die m\u00f6gliche (Die Richtigkeit muss aus meiner Sicht auch f\u00fcr die Realwirtschaft evaluiert werden, das aber nicht Bestandteil unserer Betrachtung sein soll) Richtigkeit der Effizienzmarkthypothese f\u00fcr die Realwirtschaft nicht auf die Finanzwirtschaft zu \u00fcbertragen ist. Alle meine Beispiele<\/p>\n<ol>\n<li>In der Finanzwirtschaft wird mit Produkten, n\u00e4mlich Geld, operiert, die nicht an Wert verlieren, ganz im Gegenteil durch den Zinseszins sogar gewinnen.<\/li>\n<li>Die Finanzwirtschaft hat die eigentliche Funktion die Realwirtschaft in Bezug auf Investitionen zu unterst\u00fctzen und nicht aus sich selbst heraus zu agieren.<\/li>\n<li>Die Werte, die sich in der Realwirtschaft in Form von Preise der Produkte bilden, m\u00fcssen mehrfach aufgrund des Zinseszins von der Realwirtschaft wieder erwirtschaftet werden, weshalb die Realwirtschaft sich nicht aus dem Schwitzkasten der Finanzwirtschaft befreien kann<\/li>\n<\/ol>\n<p>wurden von Axel immer wieder mit guten Argumenten entkr\u00e4ftet. Auch das sehe ich als Erfolg dieser Session an, da ich noch tiefgr\u00fcndiger die Thematik bei der Wurzel packen muss, was bis zur n\u00e4chsten Session auf jeden Fall geschehen wird.<\/p>\n<p>Es bleiben also folgende Themen offen, die ich bis zur n\u00e4chsten Session durchdenken werde.<\/p>\n<ol>\n<li>Die Effizienztheorie muss in ihre beobachtbaren Eigenschaften der Akteure zerlegt werden und diese m\u00fcssen auf ihre Wirkungen und Ursachen im \u00f6konomischen Kreislauf hin in das Modell einflie\u00dfen.<\/li>\n<li>Wir m\u00fcssen das rationale und emotionale Handeln in der Finanzwirtschaft tiefgr\u00fcndiger beleuchten und Ursache und Wirkungen beider Str\u00e4nge in das Modell einbauen.<\/li>\n<li>Die Rollen von Finanz- und Realwirtschaft m\u00fcssen detailliert werden und in das Modell einflie\u00dfen.<\/li>\n<\/ol>\n<p>Ich hoffe, \u00e4hnlich wie Axel auch, dass wir die von uns angesprochenen Themen und Fragestellungen in der n\u00e4chsten Session mit weiteren interessierten Mitstreiterinnen und Mitstreitern diskutieren und modellieren k\u00f6nnen. Wie sie dem Screencast sicherlich entnehmen k\u00f6nnen, sind wir offen gegen\u00fcber jeder Idee und jedem Gedanken in diesem Zusammenhang, da wir nach dem Motto agieren, dass wir nur gewinnen k\u00f6nnen, da wir Erkenntnis generieren. Ich finde es absolut erfrischend, dass ich mit Axel einen Begleiter meiner Reise des Verstehens gefunden habe, der dieses Motto ebenso sch\u00e4tzt.<\/p>\n<p>Ich freue mich bereits auf die n\u00e4chste Session. HAPPY MODELING.<\/p>\n<span id=\"post-ratings-1582\" class=\"post-ratings\" data-nonce=\"8a2217a88e\"><img decoding=\"async\" id=\"rating_1582_1\" src=\"https:\/\/blog-conny-dethloff.de\/wp-content\/plugins\/wp-postratings\/images\/stars\/rating_off.gif\" alt=\"1 Star\" title=\"1 Star\" onmouseover=\"current_rating(1582, 1, '1 Star');\" onmouseout=\"ratings_off(0, 0, 0);\" onclick=\"rate_post();\" onkeypress=\"rate_post();\" style=\"cursor: pointer; border: 0px;\" \/><img decoding=\"async\" id=\"rating_1582_2\" src=\"https:\/\/blog-conny-dethloff.de\/wp-content\/plugins\/wp-postratings\/images\/stars\/rating_off.gif\" alt=\"2 Stars\" title=\"2 Stars\" onmouseover=\"current_rating(1582, 2, '2 Stars');\" onmouseout=\"ratings_off(0, 0, 0);\" onclick=\"rate_post();\" onkeypress=\"rate_post();\" style=\"cursor: pointer; border: 0px;\" \/><img decoding=\"async\" id=\"rating_1582_3\" src=\"https:\/\/blog-conny-dethloff.de\/wp-content\/plugins\/wp-postratings\/images\/stars\/rating_off.gif\" alt=\"3 Stars\" title=\"3 Stars\" onmouseover=\"current_rating(1582, 3, '3 Stars');\" onmouseout=\"ratings_off(0, 0, 0);\" onclick=\"rate_post();\" onkeypress=\"rate_post();\" style=\"cursor: pointer; border: 0px;\" \/><img decoding=\"async\" id=\"rating_1582_4\" src=\"https:\/\/blog-conny-dethloff.de\/wp-content\/plugins\/wp-postratings\/images\/stars\/rating_off.gif\" alt=\"4 Stars\" title=\"4 Stars\" onmouseover=\"current_rating(1582, 4, '4 Stars');\" onmouseout=\"ratings_off(0, 0, 0);\" onclick=\"rate_post();\" onkeypress=\"rate_post();\" style=\"cursor: pointer; border: 0px;\" \/><img decoding=\"async\" id=\"rating_1582_5\" src=\"https:\/\/blog-conny-dethloff.de\/wp-content\/plugins\/wp-postratings\/images\/stars\/rating_off.gif\" alt=\"5 Stars\" title=\"5 Stars\" onmouseover=\"current_rating(1582, 5, '5 Stars');\" onmouseout=\"ratings_off(0, 0, 0);\" onclick=\"rate_post();\" onkeypress=\"rate_post();\" style=\"cursor: pointer; border: 0px;\" \/> (Keine Bewertungen bislang. Geben Sie doch die erste ab.)<br \/><span class=\"post-ratings-text\" id=\"ratings_1582_text\"><\/span><\/span><span id=\"post-ratings-1582-loading\" class=\"post-ratings-loading\"><img loading=\"lazy\" decoding=\"async\" src=\"https:\/\/blog-conny-dethloff.de\/wp-content\/plugins\/wp-postratings\/images\/loading.gif\" width=\"16\" height=\"16\" class=\"post-ratings-image\" \/>Loading...<\/span>\n","protected":false},"excerpt":{"rendered":"<p>Ich habe in meinem Post Die Finanzkrise verstehen: Aufruf zum kollaborativen Modellieren mit dem iMODELER auf das Vorhaben hingewiesen, in dem wir mithilfe des CONSIDEO iMODELERs und der Methode des qualitativen Modellierens die Finanzkrise verstehen wollen. Am Montag, den 15. &hellip; <a href=\"https:\/\/blog-conny-dethloff.de\/?p=1582\">Continue reading <span class=\"meta-nav\">&rarr;<\/span><\/a><\/p>\n","protected":false},"author":1,"featured_media":0,"comment_status":"open","ping_status":"open","sticky":false,"template":"","format":"standard","meta":{"footnotes":""},"categories":[10,6],"tags":[72,8,85,9,7],"class_list":["post-1582","post","type-post","status-publish","format-standard","hentry","category-modellierung","category-okonomie","tag-dialoge","tag-krise","tag-modellierung","tag-okonomie-2","tag-wirtschaft"],"jetpack_featured_media_url":"","_links":{"self":[{"href":"https:\/\/blog-conny-dethloff.de\/index.php?rest_route=\/wp\/v2\/posts\/1582","targetHints":{"allow":["GET"]}}],"collection":[{"href":"https:\/\/blog-conny-dethloff.de\/index.php?rest_route=\/wp\/v2\/posts"}],"about":[{"href":"https:\/\/blog-conny-dethloff.de\/index.php?rest_route=\/wp\/v2\/types\/post"}],"author":[{"embeddable":true,"href":"https:\/\/blog-conny-dethloff.de\/index.php?rest_route=\/wp\/v2\/users\/1"}],"replies":[{"embeddable":true,"href":"https:\/\/blog-conny-dethloff.de\/index.php?rest_route=%2Fwp%2Fv2%2Fcomments&post=1582"}],"version-history":[{"count":22,"href":"https:\/\/blog-conny-dethloff.de\/index.php?rest_route=\/wp\/v2\/posts\/1582\/revisions"}],"predecessor-version":[{"id":48239,"href":"https:\/\/blog-conny-dethloff.de\/index.php?rest_route=\/wp\/v2\/posts\/1582\/revisions\/48239"}],"wp:attachment":[{"href":"https:\/\/blog-conny-dethloff.de\/index.php?rest_route=%2Fwp%2Fv2%2Fmedia&parent=1582"}],"wp:term":[{"taxonomy":"category","embeddable":true,"href":"https:\/\/blog-conny-dethloff.de\/index.php?rest_route=%2Fwp%2Fv2%2Fcategories&post=1582"},{"taxonomy":"post_tag","embeddable":true,"href":"https:\/\/blog-conny-dethloff.de\/index.php?rest_route=%2Fwp%2Fv2%2Ftags&post=1582"}],"curies":[{"name":"wp","href":"https:\/\/api.w.org\/{rel}","templated":true}]}}