{"id":1553,"date":"2012-10-08T07:58:23","date_gmt":"2012-10-08T06:58:23","guid":{"rendered":"http:\/\/blog-conny-dethloff.de\/?p=1553"},"modified":"2012-11-29T11:53:52","modified_gmt":"2012-11-29T10:53:52","slug":"die-finanzkrise-verstehen-durch-kollaboratives-modellieren","status":"publish","type":"post","link":"https:\/\/blog-conny-dethloff.de\/?p=1553","title":{"rendered":"Die Finanzkrise verstehen: Aufruf zum kollaborativen Modellieren mit dem iMODELER"},"content":{"rendered":"<p><a href=\"http:\/\/blog-conny-dethloff.de\/wp-content\/uploads\/2012\/10\/Finanzkrise-1.jpg\"><img loading=\"lazy\" decoding=\"async\" src=\"http:\/\/blog-conny-dethloff.de\/wp-content\/uploads\/2012\/10\/Finanzkrise-1.jpg\" alt=\"\" title=\"Finanzkrise 1\" width=\"200\" height=\"80\" class=\"alignright size-full wp-image-1579\" \/><\/a><\/p>\n<p>Die Finanzkrise ist das wohl pr\u00e4senteste Thema in den Medien seit mehreren Jahren. Fragen wie &#8220;Ist der Euro noch zu retten?&#8221; oder &#8220;Muss Griechenland aus dem Euro-Raum ausgeschlossen werden?&#8221; werden immer wieder ungen\u00fcgend oder gar nicht beantwortet, aber scheinbar unendlich lange und immer wieder diskutiert. <\/p>\n<p>Eine <a href=\"http:\/\/www1.vwa.unisg.ch\/RePEc\/usg\/econwp\/EWP-1215.pdf\">Studie von Manfred G\u00e4rtner und Bj\u00f6rn Griesbach von der Universit\u00e4t St. Gallen<\/a>, in welcher die Praktiken der Ratingagenturen untersucht wurden, hat j\u00fcngst gro\u00dfe Aufmerksamkeit erzeugt. Im Netz sind viele Reaktionen auf diese Studie zu finden. Eine im RiskNET, dem Risk Management Network, publizierte finden Sie <a href=\"http:\/\/www.risknet.de\/risknews\/ratings-sind-keine-sich-selbst-erfuellenden-prophezeiungen\/bfb2d42d6c1819ee945453a0acdbc071\/\">hier<\/a>, nahezu wortgleich wurde diese Reaktion auch in der <a href=\"http:\/\/www.wiwo.de\/politik\/ausland\/gastbeitrag-ratings-sind-keine-sich-selbst-erfuellenden-prophezeiungen\/7184114.html\">Wirtschaftswoche<\/a> ver\u00f6ffentlicht.<\/p>\n<p>Diese Reaktionen waren auch der Ankerpunkt f\u00fcr unsere, das sind <a href=\"https:\/\/axel-schroeder.de\/\">Axel Schr\u00f6der<\/a> und <a href=\"http:\/\/blog-conny-dethloff.de\/\">Conny Dethloff<\/a>, Idee. Wir m\u00f6chten n\u00e4mlich mit Gleichgesinnten und Interessierten im Team die Zusammenh\u00e4nge der Finanzkrise modellieren, was damit zu einem kollaborativen Modellieren wird.<\/p>\n<p><strong>Was ist Kollaboratives Modellieren?<\/strong><br \/>\nZum Modellieren an sich findet man im Logbuch der Reise des Verstehens von Conny Dethloff <a href=\"http:\/\/blog-conny-dethloff.de\/?p=868\">einige Anregungen<\/a>. Zu einer bestimmten zu untersuchenden Thematik werden zugeh\u00f6rige Faktoren und ihre Einfl\u00fcsse zueinander untersucht. Man erh\u00e4lt dann ein Ursache-Wirkungs-Netz, welches die zu untersuchende Thematik, in unserem Fall w\u00e4re es die Finanzkrise, vernetzt und ganzheitlich darstellt.<\/p>\n<p>Aus dieser Darstellung lassen sich dann die eigentlichen Ursachen sowie Hebel zur Besserung der Lage erkennen. Das W\u00f6rtchen Kollaborativ soll weiterhin zum Ausdruck bringen, dass der Diskurs zum Aufstellen des Ursache-Wirkungs-Netzes sowie die Dokumentation dieses online und live zusammen mit allen Beteiligten geschieht.<\/p>\n<p><strong>Warum starten wir dieses Vorhaben?<\/strong><br \/>\nViele Debatten zur Finanzkrise, die wir in den letzten Jahren verfolgt haben, bleiben an der Oberfl\u00e4che haften. Gerade in Politshows und Talkrunden wird einerseits durch Halbwissen der Teilnehmer, andererseits durch die begrenzte Sendezeit nicht der Versuch unternommen, das sehr komplexe Thema grundlegend und f\u00fcr die Mehrzahl der Interessierten verst\u00e4ndlich  aufzuarbeiten. Die eigentlichen Ursachen der Krise k\u00f6nnen nicht aufgedeckt werden, weil diese Debatten auf der einen Seite stets von Eigeninteressen der Beteiligten unterf\u00fcttert sind.<\/p>\n<p>In den oben angef\u00fchrten Reaktionen auf die Studie aus St. Gallen wird beispielsweise die Sicht einer Ratingagentur reflektiert. Dadurch werden aber viele andere Sichten ausgeblendet, was dann zu einer Analyse f\u00fchrt, die nicht ganzheitlich ist. Des Weiteren werden die Debatten nur unzureichend durch ad\u00e4quate Methoden und Tools unterst\u00fctzt. Die gro\u00dfe Vernetzung der Finanzkrise in viele Bereiche, wie Politik, Finanzwirtschaft, Realwirtschaft, Haushalte etc., stellt eine sehr hohe Anforderung an die menschliche Kognition dar. Ohne Unterst\u00fctzung mit einem geeigneten Werkzeug, wie beispielsweise durch den CONSIDEO MODELER, werden diese Anforderungen nicht ausreichend adressiert.<\/p>\n<p><strong>Wie l\u00e4uft dieses Vorhaben ab?<\/strong><br \/>\nErst einmal kann Jeder mitmachen, der Interesse hat. Sendet uns bitte einfach eine email, entweder an info@conny-dethloff.de oder an wp-blog@axel-schroeder.de. Wir werden dann zu den jeweiligen Online-Sessions einladen. Auch wer sich nicht direkt an den Sessions beteiligen will oder kann, sei herzlich aufgefordert, kritisch unsere Modellbildung zu hinterfragen. Wir stellen uns gerne Eurer Kritik.<\/p>\n<p>Zu der Strukturierung unseres Vorhabens haben wir uns Folgendes gedacht. Ankerpunkt unserer Diskurse ist <a href=\"http:\/\/blog-conny-dethloff.de\/?p=918\">Das Manifest der emp\u00f6rten \u00d6konomen<\/a> sein. In diesem Manifest sind 10 Fehlbehauptungen der Finanzkrise, wie man sie immer und immer wieder in den Medien h\u00f6rt, aufgef\u00fchrt und erl\u00e4utert. Diese 10 Fehlbehauptungen sind linear beschrieben, denn sie sind nur textuell dargelegt. Des Weiteren sind die Fehlbehauptungen nur unzureichend miteinander vernetzt.<\/p>\n<p>Diese Aussagen m\u00f6chten wir mit den CONSIDEO MODELER in Ursache-Wirkungsbeziehungen aufl\u00f6sen und kritisch hinterfragen, was an den Behauptungen dran ist oder wo sie scheitern. Eine Einf\u00fchrung in den MODELER k\u00f6nnen Sie unter dem folgenden <a href=\"https:\/\/axel-schroeder.de\/2012\/06\/05\/bessere-entscheidungen-mit-dem-consideo-imodeler\/\">Link<\/a> einsehen.<\/p>\n<p>Wir versuchen sowohl in den Sessions, als auch in den begleitenden Artikeln auf unseren Blogs jeden Schritt in der Modellierung zu erl\u00e4utern. Uns ist es wichtig, das WARUM transparent zu machen. Dies soll unsere Studie von allen anderen bisherigen Ver\u00f6ffentlichungen deutlich unterscheiden.<\/p>\n<p>Hier k\u00f6nnen wir also einen bedeutenden Mehrwert schaffen. Nat\u00fcrlich sollen die dargelegten Fehlbehauptungen und ihre Erl\u00e4uterungen nicht vom Selberdenken befreien, ganz im Gegenteil. Sie bilden aber eine gute Basis pro Modellierungs-Session, die eine gute Vorbereitung unterst\u00fctzt.<\/p>\n<p>Pro Fehlbehauptung werden wir also Sessions durchf\u00fchren. Das muss nicht immer genau eine Session pro Fehlbehauptung sein. Es kann auch vorkommen, dass wir beispielsweise von Fehlbehauptung 8 noch einmal zur\u00fcck gehen auf Fehlbehauptung 5. So viel Flexibilit\u00e4t wollen wir uns schon zugestehen, ganz im Sinne der Kybernetik. Das Ursache-Wirkungs-Netz wird dementsprechend von Session zu Session erweitert.<\/p>\n<p>Sp\u00e4ter k\u00f6nnen wir dann noch \u00fcberlegen, das entstandene Ursache-Wirkungs-Netz zu quantifizieren. Mit dieser Quantifizierung h\u00e4tte man dann die M\u00f6glichkeit bestimmte Handlungen zur Abwendung der Finanzkrise zu simulieren und so spielerisch die Zusammenh\u00e4nge der Finanzkrise zu lernen. Diese Entscheidung m\u00fcssen wir aber noch nicht jetzt treffen. Wir haben \u00fcbrigens das leere Modell bereits angelegt. Sie finden es unter diesem <a href=\"https:\/\/www.imodeler.info\/ro?key=ANj20xoaFsmmRZZUCEbwlKg\">Link<\/a>.<\/p>\n<p>Wir freuen uns auf viele Interessierte und rege Kommentardiskussionen. Happy Modeling.<\/p>\n<p>Herzlichst,<br \/>\nAxel Schr\u00f6der und Conny Dethloff<\/p>\n<span id=\"post-ratings-1553\" class=\"post-ratings\" data-nonce=\"e199279aaf\"><img decoding=\"async\" id=\"rating_1553_1\" src=\"https:\/\/blog-conny-dethloff.de\/wp-content\/plugins\/wp-postratings\/images\/stars\/rating_off.gif\" alt=\"1 Star\" title=\"1 Star\" onmouseover=\"current_rating(1553, 1, '1 Star');\" onmouseout=\"ratings_off(0, 0, 0);\" onclick=\"rate_post();\" onkeypress=\"rate_post();\" style=\"cursor: pointer; border: 0px;\" \/><img decoding=\"async\" id=\"rating_1553_2\" src=\"https:\/\/blog-conny-dethloff.de\/wp-content\/plugins\/wp-postratings\/images\/stars\/rating_off.gif\" alt=\"2 Stars\" title=\"2 Stars\" onmouseover=\"current_rating(1553, 2, '2 Stars');\" onmouseout=\"ratings_off(0, 0, 0);\" onclick=\"rate_post();\" onkeypress=\"rate_post();\" style=\"cursor: pointer; border: 0px;\" \/><img decoding=\"async\" id=\"rating_1553_3\" src=\"https:\/\/blog-conny-dethloff.de\/wp-content\/plugins\/wp-postratings\/images\/stars\/rating_off.gif\" alt=\"3 Stars\" title=\"3 Stars\" onmouseover=\"current_rating(1553, 3, '3 Stars');\" onmouseout=\"ratings_off(0, 0, 0);\" onclick=\"rate_post();\" onkeypress=\"rate_post();\" style=\"cursor: pointer; border: 0px;\" \/><img decoding=\"async\" id=\"rating_1553_4\" src=\"https:\/\/blog-conny-dethloff.de\/wp-content\/plugins\/wp-postratings\/images\/stars\/rating_off.gif\" alt=\"4 Stars\" title=\"4 Stars\" onmouseover=\"current_rating(1553, 4, '4 Stars');\" onmouseout=\"ratings_off(0, 0, 0);\" onclick=\"rate_post();\" onkeypress=\"rate_post();\" style=\"cursor: pointer; border: 0px;\" \/><img decoding=\"async\" id=\"rating_1553_5\" src=\"https:\/\/blog-conny-dethloff.de\/wp-content\/plugins\/wp-postratings\/images\/stars\/rating_off.gif\" alt=\"5 Stars\" title=\"5 Stars\" onmouseover=\"current_rating(1553, 5, '5 Stars');\" onmouseout=\"ratings_off(0, 0, 0);\" onclick=\"rate_post();\" onkeypress=\"rate_post();\" style=\"cursor: pointer; border: 0px;\" \/> (Keine Bewertungen bislang. Geben Sie doch die erste ab.)<br \/><span class=\"post-ratings-text\" id=\"ratings_1553_text\"><\/span><\/span><span id=\"post-ratings-1553-loading\" class=\"post-ratings-loading\"><img loading=\"lazy\" decoding=\"async\" src=\"https:\/\/blog-conny-dethloff.de\/wp-content\/plugins\/wp-postratings\/images\/loading.gif\" width=\"16\" height=\"16\" class=\"post-ratings-image\" \/>Loading...<\/span>\n","protected":false},"excerpt":{"rendered":"<p>Die Finanzkrise ist das wohl pr\u00e4senteste Thema in den Medien seit mehreren Jahren. Fragen wie &#8220;Ist der Euro noch zu retten?&#8221; oder &#8220;Muss Griechenland aus dem Euro-Raum ausgeschlossen werden?&#8221; werden immer wieder ungen\u00fcgend oder gar nicht beantwortet, aber scheinbar unendlich &hellip; <a href=\"https:\/\/blog-conny-dethloff.de\/?p=1553\">Continue reading <span class=\"meta-nav\">&rarr;<\/span><\/a><\/p>\n","protected":false},"author":1,"featured_media":0,"comment_status":"open","ping_status":"open","sticky":false,"template":"","format":"standard","meta":{"footnotes":""},"categories":[10,6],"tags":[72,8,85,9,7],"class_list":["post-1553","post","type-post","status-publish","format-standard","hentry","category-modellierung","category-okonomie","tag-dialoge","tag-krise","tag-modellierung","tag-okonomie-2","tag-wirtschaft"],"jetpack_featured_media_url":"","_links":{"self":[{"href":"https:\/\/blog-conny-dethloff.de\/index.php?rest_route=\/wp\/v2\/posts\/1553","targetHints":{"allow":["GET"]}}],"collection":[{"href":"https:\/\/blog-conny-dethloff.de\/index.php?rest_route=\/wp\/v2\/posts"}],"about":[{"href":"https:\/\/blog-conny-dethloff.de\/index.php?rest_route=\/wp\/v2\/types\/post"}],"author":[{"embeddable":true,"href":"https:\/\/blog-conny-dethloff.de\/index.php?rest_route=\/wp\/v2\/users\/1"}],"replies":[{"embeddable":true,"href":"https:\/\/blog-conny-dethloff.de\/index.php?rest_route=%2Fwp%2Fv2%2Fcomments&post=1553"}],"version-history":[{"count":12,"href":"https:\/\/blog-conny-dethloff.de\/index.php?rest_route=\/wp\/v2\/posts\/1553\/revisions"}],"predecessor-version":[{"id":1899,"href":"https:\/\/blog-conny-dethloff.de\/index.php?rest_route=\/wp\/v2\/posts\/1553\/revisions\/1899"}],"wp:attachment":[{"href":"https:\/\/blog-conny-dethloff.de\/index.php?rest_route=%2Fwp%2Fv2%2Fmedia&parent=1553"}],"wp:term":[{"taxonomy":"category","embeddable":true,"href":"https:\/\/blog-conny-dethloff.de\/index.php?rest_route=%2Fwp%2Fv2%2Fcategories&post=1553"},{"taxonomy":"post_tag","embeddable":true,"href":"https:\/\/blog-conny-dethloff.de\/index.php?rest_route=%2Fwp%2Fv2%2Ftags&post=1553"}],"curies":[{"name":"wp","href":"https:\/\/api.w.org\/{rel}","templated":true}]}}