{"id":1242,"date":"2012-05-03T06:11:24","date_gmt":"2012-05-03T05:11:24","guid":{"rendered":"http:\/\/blog-conny-dethloff.de\/?p=1242"},"modified":"2012-11-28T07:07:57","modified_gmt":"2012-11-28T06:07:57","slug":"ankundigung-zweier-veranstaltungen-zum-thema-komplexitat-in-der-wirtschaft","status":"publish","type":"post","link":"https:\/\/blog-conny-dethloff.de\/?p=1242","title":{"rendered":"Ank\u00fcndigung zweier Veranstaltungen zum Thema Komplexit\u00e4t in der Wirtschaft"},"content":{"rendered":"<p>Anfang Juni 2012, genauer am<\/p>\n<ul>\n<li>5. Juni in <a href=\"http:\/\/www.consideo-modeler.de\/downloads\/Veranstaltungsreihe_GVDK_Nord_2012_1.pdf\">L\u00fcbeck<\/a> und am<\/li>\n<li>6. Juni in <a href=\"http:\/\/www.epotech-ag.de\/fileadmin\/pdf\/2012-06-06-BVMW-Zeit-und-Gewinn-im-Unternehmen.pdf\">Fulda<\/a><\/li>\n<\/ul>\n<p>habe ich die Chance meine Gedanken und Ideen zum Thema Komplexit\u00e4t in der Wirtschaft zur Diskussion zu stellen. Ich freue mich darauf von meiner Reise des Verstehens in puncto Komplexit\u00e4t berichten zu k\u00f6nnen. Wie h\u00e4ufig in meinem Logbuch dargestellt werde ich begr\u00fcnden, warum wir aus meiner Sicht den Wettlauf mit der Komplexit\u00e4t niemals gewinnen k\u00f6nnen, wir ihn aber trotzdem annehmen m\u00fcssen, um \u00fcberhaupt lebensf\u00e4hig zu sein. Das bezieht sich nicht nur auf die Wirtschaft, sondern auch auf unsere Gesellschaft an sich.<\/p>\n<p>Seien Sie herzlich zu den Veranstaltungen eingeladen.<\/p>\n<span id=\"post-ratings-1242\" class=\"post-ratings\" data-nonce=\"c1083a4300\"><img decoding=\"async\" id=\"rating_1242_1\" src=\"https:\/\/blog-conny-dethloff.de\/wp-content\/plugins\/wp-postratings\/images\/stars\/rating_off.gif\" alt=\"1 Star\" title=\"1 Star\" onmouseover=\"current_rating(1242, 1, '1 Star');\" onmouseout=\"ratings_off(0, 0, 0);\" onclick=\"rate_post();\" onkeypress=\"rate_post();\" style=\"cursor: pointer; border: 0px;\" \/><img decoding=\"async\" id=\"rating_1242_2\" src=\"https:\/\/blog-conny-dethloff.de\/wp-content\/plugins\/wp-postratings\/images\/stars\/rating_off.gif\" alt=\"2 Stars\" title=\"2 Stars\" onmouseover=\"current_rating(1242, 2, '2 Stars');\" onmouseout=\"ratings_off(0, 0, 0);\" onclick=\"rate_post();\" onkeypress=\"rate_post();\" style=\"cursor: pointer; border: 0px;\" \/><img decoding=\"async\" id=\"rating_1242_3\" src=\"https:\/\/blog-conny-dethloff.de\/wp-content\/plugins\/wp-postratings\/images\/stars\/rating_off.gif\" alt=\"3 Stars\" title=\"3 Stars\" onmouseover=\"current_rating(1242, 3, '3 Stars');\" onmouseout=\"ratings_off(0, 0, 0);\" onclick=\"rate_post();\" onkeypress=\"rate_post();\" style=\"cursor: pointer; border: 0px;\" \/><img decoding=\"async\" id=\"rating_1242_4\" src=\"https:\/\/blog-conny-dethloff.de\/wp-content\/plugins\/wp-postratings\/images\/stars\/rating_off.gif\" alt=\"4 Stars\" title=\"4 Stars\" onmouseover=\"current_rating(1242, 4, '4 Stars');\" onmouseout=\"ratings_off(0, 0, 0);\" onclick=\"rate_post();\" onkeypress=\"rate_post();\" style=\"cursor: pointer; border: 0px;\" \/><img decoding=\"async\" id=\"rating_1242_5\" src=\"https:\/\/blog-conny-dethloff.de\/wp-content\/plugins\/wp-postratings\/images\/stars\/rating_off.gif\" alt=\"5 Stars\" title=\"5 Stars\" onmouseover=\"current_rating(1242, 5, '5 Stars');\" onmouseout=\"ratings_off(0, 0, 0);\" onclick=\"rate_post();\" onkeypress=\"rate_post();\" style=\"cursor: pointer; border: 0px;\" \/> (Keine Bewertungen bislang. Geben Sie doch die erste ab.)<br \/><span class=\"post-ratings-text\" id=\"ratings_1242_text\"><\/span><\/span><span id=\"post-ratings-1242-loading\" class=\"post-ratings-loading\"><img loading=\"lazy\" decoding=\"async\" src=\"https:\/\/blog-conny-dethloff.de\/wp-content\/plugins\/wp-postratings\/images\/loading.gif\" width=\"16\" height=\"16\" class=\"post-ratings-image\" \/>Loading...<\/span>\n","protected":false},"excerpt":{"rendered":"<p>Anfang Juni 2012, genauer am 5. Juni in L\u00fcbeck und am 6. Juni in Fulda habe ich die Chance meine Gedanken und Ideen zum Thema Komplexit\u00e4t in der Wirtschaft zur Diskussion zu stellen. Ich freue mich darauf von meiner Reise &hellip; <a href=\"https:\/\/blog-conny-dethloff.de\/?p=1242\">Continue reading <span class=\"meta-nav\">&rarr;<\/span><\/a><\/p>\n","protected":false},"author":1,"featured_media":0,"comment_status":"open","ping_status":"open","sticky":false,"template":"","format":"standard","meta":{"footnotes":""},"categories":[24],"tags":[87,67,7],"class_list":["post-1242","post","type-post","status-publish","format-standard","hentry","category-komplexitat","tag-komplexitat","tag-veranstaltungen","tag-wirtschaft"],"jetpack_featured_media_url":"","_links":{"self":[{"href":"https:\/\/blog-conny-dethloff.de\/index.php?rest_route=\/wp\/v2\/posts\/1242","targetHints":{"allow":["GET"]}}],"collection":[{"href":"https:\/\/blog-conny-dethloff.de\/index.php?rest_route=\/wp\/v2\/posts"}],"about":[{"href":"https:\/\/blog-conny-dethloff.de\/index.php?rest_route=\/wp\/v2\/types\/post"}],"author":[{"embeddable":true,"href":"https:\/\/blog-conny-dethloff.de\/index.php?rest_route=\/wp\/v2\/users\/1"}],"replies":[{"embeddable":true,"href":"https:\/\/blog-conny-dethloff.de\/index.php?rest_route=%2Fwp%2Fv2%2Fcomments&post=1242"}],"version-history":[{"count":4,"href":"https:\/\/blog-conny-dethloff.de\/index.php?rest_route=\/wp\/v2\/posts\/1242\/revisions"}],"predecessor-version":[{"id":1716,"href":"https:\/\/blog-conny-dethloff.de\/index.php?rest_route=\/wp\/v2\/posts\/1242\/revisions\/1716"}],"wp:attachment":[{"href":"https:\/\/blog-conny-dethloff.de\/index.php?rest_route=%2Fwp%2Fv2%2Fmedia&parent=1242"}],"wp:term":[{"taxonomy":"category","embeddable":true,"href":"https:\/\/blog-conny-dethloff.de\/index.php?rest_route=%2Fwp%2Fv2%2Fcategories&post=1242"},{"taxonomy":"post_tag","embeddable":true,"href":"https:\/\/blog-conny-dethloff.de\/index.php?rest_route=%2Fwp%2Fv2%2Ftags&post=1242"}],"curies":[{"name":"wp","href":"https:\/\/api.w.org\/{rel}","templated":true}]}}